{"id":8134,"date":"2014-12-09T10:09:27","date_gmt":"2014-12-09T09:09:27","guid":{"rendered":"http:\/\/downgalicia.org.136-144-253-96.136-144-253-96.visualpublinet.com\/traballo-e-benestar-financia-el-mantenimiento-de-la-federacion-y-sus-programas-de-autonomia-personal\/"},"modified":"2014-12-09T10:09:27","modified_gmt":"2014-12-09T09:09:27","slug":"traballo-e-benestar-financia-el-mantenimiento-de-la-federacion-y-sus-programas-de-autonomia-personal","status":"publish","type":"post","link":"https:\/\/downgalicia.org\/es\/traballo-e-benestar-financia-el-mantenimiento-de-la-federacion-y-sus-programas-de-autonomia-personal\/","title":{"rendered":"Traballo e Benestar financia el mantenimiento de la Federaci\u00f3n y sus programas de autonom\u00eda personal"},"content":{"rendered":"<p>La Conseller\u00eda de Traballo e Benestar concedi\u00f3 una ayuda econ\u00f3mica a Down Galicia para contribuir a su mantenimiento y a la realizaci\u00f3n de las actividades del servicio para la promoci\u00f3n de la autonom\u00eda personal a desarrollar a lo largo del ejercicio 2014. Esta colaboraci\u00f3n fue formalizada mediante la firma de un convenio entre el departamento auton\u00f3mico y la Federaci\u00f3n a comienzo de a\u00f1o. As\u00ed, se fomentar\u00e1n los programas espec\u00edficamente dise\u00f1ados para promover la autonom\u00eda y la integraci\u00f3n social y laboral de las personas con s\u00edndrome de Down y discapacidad intelectual, atendiendo a la experiencia, equipo humano y medios de los que dispone Down Galicia para desarrollar la atenci\u00f3n requerida.<\/p>\n<p>Esta atenci\u00f3n espec\u00edfica se resume a trav\u00e9s del Servicio para la Promoci\u00f3n de la Autonom\u00eda Personal (SEPAP) organizado en diferentes \u00e1reas de atenci\u00f3n que comprende la atenci\u00f3n temprana, el \u00e1rea de educaci\u00f3n, de formaci\u00f3n y empleo, de vida adulta e independiente \u00a0y un \u00e1rea transversal. De este modo, se act\u00faa a lo largo de todo el proceso vital de la persona, mejorando su autonom\u00eda, sus condiciones de vida y favoreciendo su inclusi\u00f3n plena.<\/p>\n<p>el convenio firmado entre la Conseller\u00eda de Traballo e Benestar y la Federaci\u00f3n Down Galicia contempla los siguientes objetivos de intervenci\u00f3n:<\/p>\n<ul>\n<li>Ofrecer intervenciones de habilitaci\u00f3n funcional con el fin de potenciar sus habilidades y su bienestar, posibilitando su normalizaci\u00f3n en el medio familiar y social.<\/li>\n<li>Proporcionar asesoramiento y apoyo a las familias, como uno de los principales agentes activos en el proceso de inclusi\u00f3n de la persona con discapacidad.<\/li>\n<li>Desarrollar actuaciones que permitan a las personas con discapacidad alcanzar las m\u00e1s altas cotas posibles de vida independiente.<\/li>\n<li>Colaborar con los recursos comunitarios de formaci\u00f3n, en los que est\u00e9n integrados los usuarios, con el fin de que as\u00ed rentabilicen al m\u00e1ximo los procesos de ense\u00f1anza y aprendizaje y consigan su integraci\u00f3n laboral.<\/li>\n<li>Promover la participaci\u00f3n de las personas con discapacidad en las actividades de ocio y deporte normalizadas.<\/li>\n<li>Desarrollar acciones de formaci\u00f3n ocupacional y laboral que posibiliten el aprendizaje y desarrollo de habilidades y conocimientos que le faciliten su integraci\u00f3n laboral.<\/li>\n<li>Garantizar el derecho de las personas con discapacidad intelectual a expresar y vivir su sexualidad.<\/li>\n<li>Favorecer la difusi\u00f3n de informaci\u00f3n adecuada y positiva acerca de las personas con discapacidad intelectual.<\/li>\n<li>Promover proyectos de integraci\u00f3n escolar, laboral, social, programas de salud y todos aquellos que favorezcan el desarrollo personal y la plena inclusi\u00f3n de las personas con s\u00edndrome de Down.<\/li>\n<\/ul>\n<p>&nbsp;<\/p>\n<p>&nbsp;<\/p>\n<p>&nbsp;<\/p>\n","protected":false},"excerpt":{"rendered":"<p>La Conseller\u00eda de Traballo e Benestar concedi\u00f3 una ayuda econ\u00f3mica a Down Galicia para contribuir a su mantenimiento y a la realizaci\u00f3n de las actividades del servicio para la promoci\u00f3n de la autonom\u00eda personal a desarrollar a lo largo del&#8230;<\/p>\n","protected":false},"author":1,"featured_media":0,"comment_status":"closed","ping_status":"closed","sticky":false,"template":"","format":"standard","meta":{"_acf_changed":false,"give_campaign_id":0,"footnotes":""},"categories":[129,71],"tags":[],"class_list":["post-8134","post","type-post","status-publish","format-standard","hentry","category-down-galicia-hemeroteca-es","category-noticias-sindrome-de-down-es"],"acf":[],"yoast_head":"<!-- This site is optimized with the Yoast SEO plugin v25.3.1 - https:\/\/yoast.com\/wordpress\/plugins\/seo\/ -->\n<title>Traballo e Benestar financia el mantenimiento de la Federaci\u00f3n y sus programas de autonom\u00eda personal &#8226; Federaci\u00f3n Down Galicia<\/title>\n<meta name=\"robots\" content=\"index, follow, max-snippet:-1, max-image-preview:large, max-video-preview:-1\" \/>\n<link rel=\"canonical\" href=\"https:\/\/downgalicia.org\/es\/traballo-e-benestar-financia-el-mantenimiento-de-la-federacion-y-sus-programas-de-autonomia-personal\/\" \/>\n<meta property=\"og:locale\" content=\"es_ES\" \/>\n<meta property=\"og:type\" content=\"article\" \/>\n<meta property=\"og:title\" content=\"Traballo e Benestar financia el mantenimiento de la Federaci\u00f3n y sus programas de autonom\u00eda personal &#8226; Federaci\u00f3n Down Galicia\" \/>\n<meta property=\"og:description\" content=\"La Conseller\u00eda de Traballo e Benestar concedi\u00f3 una ayuda econ\u00f3mica a Down Galicia para contribuir a su mantenimiento y a la realizaci\u00f3n de las actividades del servicio para la promoci\u00f3n de la autonom\u00eda personal a desarrollar a lo largo del...\" \/>\n<meta property=\"og:url\" content=\"https:\/\/downgalicia.org\/es\/traballo-e-benestar-financia-el-mantenimiento-de-la-federacion-y-sus-programas-de-autonomia-personal\/\" \/>\n<meta property=\"og:site_name\" content=\"Federaci\u00f3n Down Galicia\" \/>\n<meta property=\"article:published_time\" content=\"2014-12-09T09:09:27+00:00\" \/>\n<meta name=\"author\" content=\"produccion@visualpublinet.com\" \/>\n<meta name=\"twitter:card\" content=\"summary_large_image\" \/>\n<meta name=\"twitter:label1\" content=\"Escrito por\" \/>\n\t<meta name=\"twitter:data1\" content=\"produccion@visualpublinet.com\" \/>\n\t<meta name=\"twitter:label2\" content=\"Tiempo de lectura\" \/>\n\t<meta name=\"twitter:data2\" content=\"2 minutos\" \/>\n<script type=\"application\/ld+json\" class=\"yoast-schema-graph\">{\"@context\":\"https:\/\/schema.org\",\"@graph\":[{\"@type\":\"Article\",\"@id\":\"https:\/\/downgalicia.org\/es\/traballo-e-benestar-financia-el-mantenimiento-de-la-federacion-y-sus-programas-de-autonomia-personal\/#article\",\"isPartOf\":{\"@id\":\"https:\/\/downgalicia.org\/es\/traballo-e-benestar-financia-el-mantenimiento-de-la-federacion-y-sus-programas-de-autonomia-personal\/\"},\"author\":{\"name\":\"produccion@visualpublinet.com\",\"@id\":\"https:\/\/downgalicia.org\/es\/#\/schema\/person\/317730a00185114c76a219b94bddef15\"},\"headline\":\"Traballo e Benestar financia el mantenimiento de la Federaci\u00f3n y sus programas de autonom\u00eda personal\",\"datePublished\":\"2014-12-09T09:09:27+00:00\",\"mainEntityOfPage\":{\"@id\":\"https:\/\/downgalicia.org\/es\/traballo-e-benestar-financia-el-mantenimiento-de-la-federacion-y-sus-programas-de-autonomia-personal\/\"},\"wordCount\":468,\"publisher\":{\"@id\":\"https:\/\/downgalicia.org\/es\/#organization\"},\"articleSection\":[\"Down Galicia\",\"Noticias del Movimiento Down\"],\"inLanguage\":\"es\"},{\"@type\":\"WebPage\",\"@id\":\"https:\/\/downgalicia.org\/es\/traballo-e-benestar-financia-el-mantenimiento-de-la-federacion-y-sus-programas-de-autonomia-personal\/\",\"url\":\"https:\/\/downgalicia.org\/es\/traballo-e-benestar-financia-el-mantenimiento-de-la-federacion-y-sus-programas-de-autonomia-personal\/\",\"name\":\"Traballo e Benestar financia el mantenimiento de la Federaci\u00f3n y sus programas de autonom\u00eda personal &#8226; Federaci\u00f3n Down Galicia\",\"isPartOf\":{\"@id\":\"https:\/\/downgalicia.org\/es\/#website\"},\"datePublished\":\"2014-12-09T09:09:27+00:00\",\"breadcrumb\":{\"@id\":\"https:\/\/downgalicia.org\/es\/traballo-e-benestar-financia-el-mantenimiento-de-la-federacion-y-sus-programas-de-autonomia-personal\/#breadcrumb\"},\"inLanguage\":\"es\",\"potentialAction\":[{\"@type\":\"ReadAction\",\"target\":[\"https:\/\/downgalicia.org\/es\/traballo-e-benestar-financia-el-mantenimiento-de-la-federacion-y-sus-programas-de-autonomia-personal\/\"]}]},{\"@type\":\"BreadcrumbList\",\"@id\":\"https:\/\/downgalicia.org\/es\/traballo-e-benestar-financia-el-mantenimiento-de-la-federacion-y-sus-programas-de-autonomia-personal\/#breadcrumb\",\"itemListElement\":[{\"@type\":\"ListItem\",\"position\":1,\"name\":\"Portada\",\"item\":\"https:\/\/downgalicia.org\/es\/\"},{\"@type\":\"ListItem\",\"position\":2,\"name\":\"Traballo e Benestar financia el mantenimiento de la Federaci\u00f3n y sus programas de autonom\u00eda personal\"}]},{\"@type\":\"WebSite\",\"@id\":\"https:\/\/downgalicia.org\/es\/#website\",\"url\":\"https:\/\/downgalicia.org\/es\/\",\"name\":\"Federaci\u00f3n Down Galicia\",\"description\":\"Apoio a persoas con S\u00edndrome de Down\",\"publisher\":{\"@id\":\"https:\/\/downgalicia.org\/es\/#organization\"},\"potentialAction\":[{\"@type\":\"SearchAction\",\"target\":{\"@type\":\"EntryPoint\",\"urlTemplate\":\"https:\/\/downgalicia.org\/es\/?s={search_term_string}\"},\"query-input\":{\"@type\":\"PropertyValueSpecification\",\"valueRequired\":true,\"valueName\":\"search_term_string\"}}],\"inLanguage\":\"es\"},{\"@type\":\"Organization\",\"@id\":\"https:\/\/downgalicia.org\/es\/#organization\",\"name\":\"Federaci\u00f3n Down Galicia\",\"url\":\"https:\/\/downgalicia.org\/es\/\",\"logo\":{\"@type\":\"ImageObject\",\"inLanguage\":\"es\",\"@id\":\"https:\/\/downgalicia.org\/es\/#\/schema\/logo\/image\/\",\"url\":\"https:\/\/downgalicia.org\/wp-content\/uploads\/2024\/07\/logo-sindrome-down-color.svg\",\"contentUrl\":\"https:\/\/downgalicia.org\/wp-content\/uploads\/2024\/07\/logo-sindrome-down-color.svg\",\"width\":271,\"height\":88,\"caption\":\"Federaci\u00f3n Down Galicia\"},\"image\":{\"@id\":\"https:\/\/downgalicia.org\/es\/#\/schema\/logo\/image\/\"}},{\"@type\":\"Person\",\"@id\":\"https:\/\/downgalicia.org\/es\/#\/schema\/person\/317730a00185114c76a219b94bddef15\",\"name\":\"produccion@visualpublinet.com\",\"image\":{\"@type\":\"ImageObject\",\"inLanguage\":\"es\",\"@id\":\"https:\/\/downgalicia.org\/es\/#\/schema\/person\/image\/\",\"url\":\"https:\/\/secure.gravatar.com\/avatar\/282ee20c78c1b1137175d4ab9f75785d8c239d499b1376df3ba16efa213b7b10?s=96&d=mm&r=g\",\"contentUrl\":\"https:\/\/secure.gravatar.com\/avatar\/282ee20c78c1b1137175d4ab9f75785d8c239d499b1376df3ba16efa213b7b10?s=96&d=mm&r=g\",\"caption\":\"produccion@visualpublinet.com\"},\"sameAs\":[\"https:\/\/downgalicia.org\"],\"url\":\"https:\/\/downgalicia.org\/es\/author\/produccionvisualpublinet-com\/\"}]}<\/script>\n<!-- \/ Yoast SEO plugin. -->","yoast_head_json":{"title":"Traballo e Benestar financia el mantenimiento de la Federaci\u00f3n y sus programas de autonom\u00eda personal &#8226; Federaci\u00f3n Down Galicia","robots":{"index":"index","follow":"follow","max-snippet":"max-snippet:-1","max-image-preview":"max-image-preview:large","max-video-preview":"max-video-preview:-1"},"canonical":"https:\/\/downgalicia.org\/es\/traballo-e-benestar-financia-el-mantenimiento-de-la-federacion-y-sus-programas-de-autonomia-personal\/","og_locale":"es_ES","og_type":"article","og_title":"Traballo e Benestar financia el mantenimiento de la Federaci\u00f3n y sus programas de autonom\u00eda personal &#8226; Federaci\u00f3n Down Galicia","og_description":"La Conseller\u00eda de Traballo e Benestar concedi\u00f3 una ayuda econ\u00f3mica a Down Galicia para contribuir a su mantenimiento y a la realizaci\u00f3n de las actividades del servicio para la promoci\u00f3n de la autonom\u00eda personal a desarrollar a lo largo del...","og_url":"https:\/\/downgalicia.org\/es\/traballo-e-benestar-financia-el-mantenimiento-de-la-federacion-y-sus-programas-de-autonomia-personal\/","og_site_name":"Federaci\u00f3n Down Galicia","article_published_time":"2014-12-09T09:09:27+00:00","author":"produccion@visualpublinet.com","twitter_card":"summary_large_image","twitter_misc":{"Escrito por":"produccion@visualpublinet.com","Tiempo de lectura":"2 minutos"},"schema":{"@context":"https:\/\/schema.org","@graph":[{"@type":"Article","@id":"https:\/\/downgalicia.org\/es\/traballo-e-benestar-financia-el-mantenimiento-de-la-federacion-y-sus-programas-de-autonomia-personal\/#article","isPartOf":{"@id":"https:\/\/downgalicia.org\/es\/traballo-e-benestar-financia-el-mantenimiento-de-la-federacion-y-sus-programas-de-autonomia-personal\/"},"author":{"name":"produccion@visualpublinet.com","@id":"https:\/\/downgalicia.org\/es\/#\/schema\/person\/317730a00185114c76a219b94bddef15"},"headline":"Traballo e Benestar financia el mantenimiento de la Federaci\u00f3n y sus programas de autonom\u00eda personal","datePublished":"2014-12-09T09:09:27+00:00","mainEntityOfPage":{"@id":"https:\/\/downgalicia.org\/es\/traballo-e-benestar-financia-el-mantenimiento-de-la-federacion-y-sus-programas-de-autonomia-personal\/"},"wordCount":468,"publisher":{"@id":"https:\/\/downgalicia.org\/es\/#organization"},"articleSection":["Down Galicia","Noticias del Movimiento Down"],"inLanguage":"es"},{"@type":"WebPage","@id":"https:\/\/downgalicia.org\/es\/traballo-e-benestar-financia-el-mantenimiento-de-la-federacion-y-sus-programas-de-autonomia-personal\/","url":"https:\/\/downgalicia.org\/es\/traballo-e-benestar-financia-el-mantenimiento-de-la-federacion-y-sus-programas-de-autonomia-personal\/","name":"Traballo e Benestar financia el mantenimiento de la Federaci\u00f3n y sus programas de autonom\u00eda personal &#8226; Federaci\u00f3n Down Galicia","isPartOf":{"@id":"https:\/\/downgalicia.org\/es\/#website"},"datePublished":"2014-12-09T09:09:27+00:00","breadcrumb":{"@id":"https:\/\/downgalicia.org\/es\/traballo-e-benestar-financia-el-mantenimiento-de-la-federacion-y-sus-programas-de-autonomia-personal\/#breadcrumb"},"inLanguage":"es","potentialAction":[{"@type":"ReadAction","target":["https:\/\/downgalicia.org\/es\/traballo-e-benestar-financia-el-mantenimiento-de-la-federacion-y-sus-programas-de-autonomia-personal\/"]}]},{"@type":"BreadcrumbList","@id":"https:\/\/downgalicia.org\/es\/traballo-e-benestar-financia-el-mantenimiento-de-la-federacion-y-sus-programas-de-autonomia-personal\/#breadcrumb","itemListElement":[{"@type":"ListItem","position":1,"name":"Portada","item":"https:\/\/downgalicia.org\/es\/"},{"@type":"ListItem","position":2,"name":"Traballo e Benestar financia el mantenimiento de la Federaci\u00f3n y sus programas de autonom\u00eda personal"}]},{"@type":"WebSite","@id":"https:\/\/downgalicia.org\/es\/#website","url":"https:\/\/downgalicia.org\/es\/","name":"Federaci\u00f3n Down Galicia","description":"Apoio a persoas con S\u00edndrome de Down","publisher":{"@id":"https:\/\/downgalicia.org\/es\/#organization"},"potentialAction":[{"@type":"SearchAction","target":{"@type":"EntryPoint","urlTemplate":"https:\/\/downgalicia.org\/es\/?s={search_term_string}"},"query-input":{"@type":"PropertyValueSpecification","valueRequired":true,"valueName":"search_term_string"}}],"inLanguage":"es"},{"@type":"Organization","@id":"https:\/\/downgalicia.org\/es\/#organization","name":"Federaci\u00f3n Down Galicia","url":"https:\/\/downgalicia.org\/es\/","logo":{"@type":"ImageObject","inLanguage":"es","@id":"https:\/\/downgalicia.org\/es\/#\/schema\/logo\/image\/","url":"https:\/\/downgalicia.org\/wp-content\/uploads\/2024\/07\/logo-sindrome-down-color.svg","contentUrl":"https:\/\/downgalicia.org\/wp-content\/uploads\/2024\/07\/logo-sindrome-down-color.svg","width":271,"height":88,"caption":"Federaci\u00f3n Down Galicia"},"image":{"@id":"https:\/\/downgalicia.org\/es\/#\/schema\/logo\/image\/"}},{"@type":"Person","@id":"https:\/\/downgalicia.org\/es\/#\/schema\/person\/317730a00185114c76a219b94bddef15","name":"produccion@visualpublinet.com","image":{"@type":"ImageObject","inLanguage":"es","@id":"https:\/\/downgalicia.org\/es\/#\/schema\/person\/image\/","url":"https:\/\/secure.gravatar.com\/avatar\/282ee20c78c1b1137175d4ab9f75785d8c239d499b1376df3ba16efa213b7b10?s=96&d=mm&r=g","contentUrl":"https:\/\/secure.gravatar.com\/avatar\/282ee20c78c1b1137175d4ab9f75785d8c239d499b1376df3ba16efa213b7b10?s=96&d=mm&r=g","caption":"produccion@visualpublinet.com"},"sameAs":["https:\/\/downgalicia.org"],"url":"https:\/\/downgalicia.org\/es\/author\/produccionvisualpublinet-com\/"}]}},"_links":{"self":[{"href":"https:\/\/downgalicia.org\/es\/wp-json\/wp\/v2\/posts\/8134","targetHints":{"allow":["GET"]}}],"collection":[{"href":"https:\/\/downgalicia.org\/es\/wp-json\/wp\/v2\/posts"}],"about":[{"href":"https:\/\/downgalicia.org\/es\/wp-json\/wp\/v2\/types\/post"}],"author":[{"embeddable":true,"href":"https:\/\/downgalicia.org\/es\/wp-json\/wp\/v2\/users\/1"}],"replies":[{"embeddable":true,"href":"https:\/\/downgalicia.org\/es\/wp-json\/wp\/v2\/comments?post=8134"}],"version-history":[{"count":0,"href":"https:\/\/downgalicia.org\/es\/wp-json\/wp\/v2\/posts\/8134\/revisions"}],"wp:attachment":[{"href":"https:\/\/downgalicia.org\/es\/wp-json\/wp\/v2\/media?parent=8134"}],"wp:term":[{"taxonomy":"category","embeddable":true,"href":"https:\/\/downgalicia.org\/es\/wp-json\/wp\/v2\/categories?post=8134"},{"taxonomy":"post_tag","embeddable":true,"href":"https:\/\/downgalicia.org\/es\/wp-json\/wp\/v2\/tags?post=8134"}],"curies":[{"name":"wp","href":"https:\/\/api.w.org\/{rel}","templated":true}]}}