{"id":8139,"date":"2014-12-03T09:51:37","date_gmt":"2014-12-03T08:51:37","guid":{"rendered":"http:\/\/downgalicia.org.136-144-253-96.136-144-253-96.visualpublinet.com\/cermi-galicia-se-adhiere-al-manifiesto-contra-el-copago-confiscatorio\/"},"modified":"2014-12-03T09:51:37","modified_gmt":"2014-12-03T08:51:37","slug":"cermi-galicia-se-adhiere-al-manifiesto-contra-el-copago-confiscatorio","status":"publish","type":"post","link":"https:\/\/downgalicia.org\/es\/cermi-galicia-se-adhiere-al-manifiesto-contra-el-copago-confiscatorio\/","title":{"rendered":"CERMI Galicia se adhiere al manifiesto  contra el copago confiscatorio"},"content":{"rendered":"<p>El Comit\u00e9 de Entidades Representantes de Personas con Discapacidad de Galicia (CERMI Galicia) anuncia su adhesi\u00f3n al manifiesto emitido por el CERMI estatal &#8216;No al copago confiscatorio, que expulsa a las personas con Discapacidad e a sus familias de la protecci\u00f3n y los derechos sociales. Por la reforma de la Ley 39\/2006, de Autonom\u00eda Personal y Atenci\u00f3n a la Dependencia,&#8217;.<\/p>\n<p>Seg\u00fan l manifiesto, la promulgaci\u00f3n de la Ley 39\/2006, do 14 de diciembre, de promoci\u00f3n de la autonom\u00eda personal y de atenci\u00f3n a las personas en situaci\u00f3n de dependencia &#8220;debi\u00f3 suponer un avance significativo en la extensi\u00f3n e intensificaci\u00f3n de los derechos sociales de amplias capas de la poblaci\u00f3n&#8221;, como &#8220;derecho subjetivo&#8221; e &#8220;inaugur\u00f3 una nueva forma de concebir y aplicar las pol\u00edticas sociales que gener\u00f3 enormes expectativas en todo el tejido social\u201d.<\/p>\n<p>Tras m\u00e1s de siete a\u00f1os desde la aprobaci\u00f3n de esta Ley, se\u00f1ala el CERMI, el desarrollo de este nuevo sistema de protecci\u00f3n se enfrent\u00f3 a un sinf\u00edn de vicisitudes, entre ellas, y como m\u00e1s relevante, la crisis econ\u00f3mica e social, que indujo a aplicar feroces pol\u00edticas de recorte de gasto p\u00fablico, en combinaci\u00f3n con otros m\u00faltiples factores -pol\u00edticos, sociales y de gobierno del sistema.<\/p>\n<p>Un de los aspectos que sin duda m\u00e1s rechazo suscit\u00e9 en estos a\u00f1os de desarrollo del SAAD por parte das potenciales personas beneficiarias da Ley, fue lo relativo al &#8220;copago, percibido como una reglamentaci\u00f3n carente de equidad y justicia material, pr\u00f3xima a lo confiscatorio y que m\u00e1s que invitar a ejercer el derecho subjetivo, expulsaba a las personas mayores y las personas con Discapacidad destinatarias naturales del sistema&#8221;.<\/p>\n<p>&#8220;Est\u00e1 desacertada y m\u00e1s que injusta regulaci\u00f3n de los aspectos econ\u00f3micos de participaci\u00f3n en el coste de las prestaciones ha de ser corregida de inmediato&#8221;, asegura el CERMI, quien insiste en que &#8220;as\u00ed lo avala no s\u00f3lo la opini\u00f3n mayoritaria de los movimientos sociales de personas mayores y personas con Discapacidad y sus familias, sino tambi\u00e9n el criterio de los profesionales de los servicios sociales y de las personas expertas y analistas&#8221;.<\/p>\n<p>Seg\u00fan se\u00f1ala, &#8220;resulta urgente e imprescindible modificar la Ley 39\/2006 para establecer criterios m\u00e1s claros, justos e iguales en relaci\u00f3n con la capacidad econ\u00f3mica y la participaci\u00f3n en el coste de las prestaciones de autonom\u00eda personal y atenci\u00f3n a la dependencia por parte de las personas beneficiarias, mujeres y hombres con Discapacidad y de edad avanzada&#8221;.<\/p>\n<p>Por eso, piden la modificaci\u00f3n del art\u00edculo 14 de la vigente Ley, para precisar que ser\u00e1 tambi\u00e9n objeto de normativa reglamentaria estatal la regulaci\u00f3n de la participaci\u00f3n en el coste de las prestaciones, al igual que ocurre ahora con la capacidad econ\u00f3mica, as\u00ed como la ampliaci\u00f3n de los factores que se tienen presentes a la hora de determinar tanto la renta como el patrimonio, a\u00f1adiendo a la edad el momento vital de aparici\u00f3n de la situaci\u00f3n de dependencia y su mayor o menor prolongaci\u00f3n a lo largo de la vida de la persona beneficiaria.<\/p>\n<p>As\u00ed mismo, solicita la modificaci\u00f3n del art\u00edculo 33 del texto legal para incorporar garant\u00edas para las personas beneficiarias que modulen su esfuerzo de participaci\u00f3n en el coste de las prestaciones que reciben, como la exenci\u00f3n de aportaci\u00f3n por debajo de un determinado albor de capacidad econ\u00f3mica (2,5 veces el Indicador P\u00fablico de Renta de Efectos M\u00faltiples -IPREM-); la limitaci\u00f3n m\u00e1xima en la participaci\u00f3n, que quedar\u00eda fijada en el 60% del precio de referencia del coste del servicio; o la seguridad de un m\u00ednimo para gastos personales, que no ser\u00eda inferior al 40% de la capacidad econ\u00f3mica.<\/p>\n<p><a title=\"No al copago confiscatorio\" href=\"http:\/\/www.downgalicia.org\/downes\/wp-content\/uploads\/2014\/12\/NO-AL-COPAGO-CONFISCATORIO.pdf\" target=\"_blank\">\u00a0Leer el manifiesto completo<\/a><\/p>\n","protected":false},"excerpt":{"rendered":"<p>El Comit\u00e9 de Entidades Representantes de Personas con Discapacidad de Galicia (CERMI Galicia) anuncia su adhesi\u00f3n al manifiesto emitido por el CERMI estatal &#8216;No al copago confiscatorio, que expulsa a las personas con Discapacidad e a sus familias de la&#8230;<\/p>\n","protected":false},"author":1,"featured_media":0,"comment_status":"closed","ping_status":"closed","sticky":false,"template":"","format":"standard","meta":{"_acf_changed":false,"give_campaign_id":0,"footnotes":""},"categories":[129,71],"tags":[],"class_list":["post-8139","post","type-post","status-publish","format-standard","hentry","category-down-galicia-hemeroteca-es","category-noticias-sindrome-de-down-es"],"acf":[],"yoast_head":"<!-- This site is optimized with the Yoast SEO plugin v25.3.1 - https:\/\/yoast.com\/wordpress\/plugins\/seo\/ -->\n<title>CERMI Galicia se adhiere al manifiesto contra el copago confiscatorio &#8226; Federaci\u00f3n Down Galicia<\/title>\n<meta name=\"robots\" content=\"index, follow, max-snippet:-1, max-image-preview:large, max-video-preview:-1\" \/>\n<link rel=\"canonical\" href=\"https:\/\/downgalicia.org\/es\/cermi-galicia-se-adhiere-al-manifiesto-contra-el-copago-confiscatorio\/\" \/>\n<meta property=\"og:locale\" content=\"es_ES\" \/>\n<meta property=\"og:type\" content=\"article\" \/>\n<meta property=\"og:title\" content=\"CERMI Galicia se adhiere al manifiesto contra el copago confiscatorio &#8226; Federaci\u00f3n Down Galicia\" \/>\n<meta property=\"og:description\" content=\"El Comit\u00e9 de Entidades Representantes de Personas con Discapacidad de Galicia (CERMI Galicia) anuncia su adhesi\u00f3n al manifiesto emitido por el CERMI estatal &#039;No al copago confiscatorio, que expulsa a las personas con Discapacidad e a sus familias de la...\" \/>\n<meta property=\"og:url\" content=\"https:\/\/downgalicia.org\/es\/cermi-galicia-se-adhiere-al-manifiesto-contra-el-copago-confiscatorio\/\" \/>\n<meta property=\"og:site_name\" content=\"Federaci\u00f3n Down Galicia\" \/>\n<meta property=\"article:published_time\" content=\"2014-12-03T08:51:37+00:00\" \/>\n<meta name=\"author\" content=\"produccion@visualpublinet.com\" \/>\n<meta name=\"twitter:card\" content=\"summary_large_image\" \/>\n<meta name=\"twitter:label1\" content=\"Escrito por\" \/>\n\t<meta name=\"twitter:data1\" content=\"produccion@visualpublinet.com\" \/>\n\t<meta name=\"twitter:label2\" content=\"Tiempo de lectura\" \/>\n\t<meta name=\"twitter:data2\" content=\"3 minutos\" \/>\n<script type=\"application\/ld+json\" class=\"yoast-schema-graph\">{\"@context\":\"https:\/\/schema.org\",\"@graph\":[{\"@type\":\"Article\",\"@id\":\"https:\/\/downgalicia.org\/es\/cermi-galicia-se-adhiere-al-manifiesto-contra-el-copago-confiscatorio\/#article\",\"isPartOf\":{\"@id\":\"https:\/\/downgalicia.org\/es\/cermi-galicia-se-adhiere-al-manifiesto-contra-el-copago-confiscatorio\/\"},\"author\":{\"name\":\"produccion@visualpublinet.com\",\"@id\":\"https:\/\/downgalicia.org\/es\/#\/schema\/person\/317730a00185114c76a219b94bddef15\"},\"headline\":\"CERMI Galicia se adhiere al manifiesto contra el copago confiscatorio\",\"datePublished\":\"2014-12-03T08:51:37+00:00\",\"mainEntityOfPage\":{\"@id\":\"https:\/\/downgalicia.org\/es\/cermi-galicia-se-adhiere-al-manifiesto-contra-el-copago-confiscatorio\/\"},\"wordCount\":662,\"publisher\":{\"@id\":\"https:\/\/downgalicia.org\/es\/#organization\"},\"articleSection\":[\"Down Galicia\",\"Noticias del Movimiento Down\"],\"inLanguage\":\"es\"},{\"@type\":\"WebPage\",\"@id\":\"https:\/\/downgalicia.org\/es\/cermi-galicia-se-adhiere-al-manifiesto-contra-el-copago-confiscatorio\/\",\"url\":\"https:\/\/downgalicia.org\/es\/cermi-galicia-se-adhiere-al-manifiesto-contra-el-copago-confiscatorio\/\",\"name\":\"CERMI Galicia se adhiere al manifiesto contra el copago confiscatorio &#8226; Federaci\u00f3n Down Galicia\",\"isPartOf\":{\"@id\":\"https:\/\/downgalicia.org\/es\/#website\"},\"datePublished\":\"2014-12-03T08:51:37+00:00\",\"breadcrumb\":{\"@id\":\"https:\/\/downgalicia.org\/es\/cermi-galicia-se-adhiere-al-manifiesto-contra-el-copago-confiscatorio\/#breadcrumb\"},\"inLanguage\":\"es\",\"potentialAction\":[{\"@type\":\"ReadAction\",\"target\":[\"https:\/\/downgalicia.org\/es\/cermi-galicia-se-adhiere-al-manifiesto-contra-el-copago-confiscatorio\/\"]}]},{\"@type\":\"BreadcrumbList\",\"@id\":\"https:\/\/downgalicia.org\/es\/cermi-galicia-se-adhiere-al-manifiesto-contra-el-copago-confiscatorio\/#breadcrumb\",\"itemListElement\":[{\"@type\":\"ListItem\",\"position\":1,\"name\":\"Portada\",\"item\":\"https:\/\/downgalicia.org\/es\/\"},{\"@type\":\"ListItem\",\"position\":2,\"name\":\"CERMI Galicia se adhiere al manifiesto contra el copago confiscatorio\"}]},{\"@type\":\"WebSite\",\"@id\":\"https:\/\/downgalicia.org\/es\/#website\",\"url\":\"https:\/\/downgalicia.org\/es\/\",\"name\":\"Federaci\u00f3n Down Galicia\",\"description\":\"Apoio a persoas con S\u00edndrome de Down\",\"publisher\":{\"@id\":\"https:\/\/downgalicia.org\/es\/#organization\"},\"potentialAction\":[{\"@type\":\"SearchAction\",\"target\":{\"@type\":\"EntryPoint\",\"urlTemplate\":\"https:\/\/downgalicia.org\/es\/?s={search_term_string}\"},\"query-input\":{\"@type\":\"PropertyValueSpecification\",\"valueRequired\":true,\"valueName\":\"search_term_string\"}}],\"inLanguage\":\"es\"},{\"@type\":\"Organization\",\"@id\":\"https:\/\/downgalicia.org\/es\/#organization\",\"name\":\"Federaci\u00f3n Down Galicia\",\"url\":\"https:\/\/downgalicia.org\/es\/\",\"logo\":{\"@type\":\"ImageObject\",\"inLanguage\":\"es\",\"@id\":\"https:\/\/downgalicia.org\/es\/#\/schema\/logo\/image\/\",\"url\":\"https:\/\/downgalicia.org\/wp-content\/uploads\/2024\/07\/logo-sindrome-down-color.svg\",\"contentUrl\":\"https:\/\/downgalicia.org\/wp-content\/uploads\/2024\/07\/logo-sindrome-down-color.svg\",\"width\":271,\"height\":88,\"caption\":\"Federaci\u00f3n Down Galicia\"},\"image\":{\"@id\":\"https:\/\/downgalicia.org\/es\/#\/schema\/logo\/image\/\"}},{\"@type\":\"Person\",\"@id\":\"https:\/\/downgalicia.org\/es\/#\/schema\/person\/317730a00185114c76a219b94bddef15\",\"name\":\"produccion@visualpublinet.com\",\"image\":{\"@type\":\"ImageObject\",\"inLanguage\":\"es\",\"@id\":\"https:\/\/downgalicia.org\/es\/#\/schema\/person\/image\/\",\"url\":\"https:\/\/secure.gravatar.com\/avatar\/282ee20c78c1b1137175d4ab9f75785d8c239d499b1376df3ba16efa213b7b10?s=96&d=mm&r=g\",\"contentUrl\":\"https:\/\/secure.gravatar.com\/avatar\/282ee20c78c1b1137175d4ab9f75785d8c239d499b1376df3ba16efa213b7b10?s=96&d=mm&r=g\",\"caption\":\"produccion@visualpublinet.com\"},\"sameAs\":[\"https:\/\/downgalicia.org\"],\"url\":\"https:\/\/downgalicia.org\/es\/author\/produccionvisualpublinet-com\/\"}]}<\/script>\n<!-- \/ Yoast SEO plugin. -->","yoast_head_json":{"title":"CERMI Galicia se adhiere al manifiesto contra el copago confiscatorio &#8226; Federaci\u00f3n Down Galicia","robots":{"index":"index","follow":"follow","max-snippet":"max-snippet:-1","max-image-preview":"max-image-preview:large","max-video-preview":"max-video-preview:-1"},"canonical":"https:\/\/downgalicia.org\/es\/cermi-galicia-se-adhiere-al-manifiesto-contra-el-copago-confiscatorio\/","og_locale":"es_ES","og_type":"article","og_title":"CERMI Galicia se adhiere al manifiesto contra el copago confiscatorio &#8226; Federaci\u00f3n Down Galicia","og_description":"El Comit\u00e9 de Entidades Representantes de Personas con Discapacidad de Galicia (CERMI Galicia) anuncia su adhesi\u00f3n al manifiesto emitido por el CERMI estatal 'No al copago confiscatorio, que expulsa a las personas con Discapacidad e a sus familias de la...","og_url":"https:\/\/downgalicia.org\/es\/cermi-galicia-se-adhiere-al-manifiesto-contra-el-copago-confiscatorio\/","og_site_name":"Federaci\u00f3n Down Galicia","article_published_time":"2014-12-03T08:51:37+00:00","author":"produccion@visualpublinet.com","twitter_card":"summary_large_image","twitter_misc":{"Escrito por":"produccion@visualpublinet.com","Tiempo de lectura":"3 minutos"},"schema":{"@context":"https:\/\/schema.org","@graph":[{"@type":"Article","@id":"https:\/\/downgalicia.org\/es\/cermi-galicia-se-adhiere-al-manifiesto-contra-el-copago-confiscatorio\/#article","isPartOf":{"@id":"https:\/\/downgalicia.org\/es\/cermi-galicia-se-adhiere-al-manifiesto-contra-el-copago-confiscatorio\/"},"author":{"name":"produccion@visualpublinet.com","@id":"https:\/\/downgalicia.org\/es\/#\/schema\/person\/317730a00185114c76a219b94bddef15"},"headline":"CERMI Galicia se adhiere al manifiesto contra el copago confiscatorio","datePublished":"2014-12-03T08:51:37+00:00","mainEntityOfPage":{"@id":"https:\/\/downgalicia.org\/es\/cermi-galicia-se-adhiere-al-manifiesto-contra-el-copago-confiscatorio\/"},"wordCount":662,"publisher":{"@id":"https:\/\/downgalicia.org\/es\/#organization"},"articleSection":["Down Galicia","Noticias del Movimiento Down"],"inLanguage":"es"},{"@type":"WebPage","@id":"https:\/\/downgalicia.org\/es\/cermi-galicia-se-adhiere-al-manifiesto-contra-el-copago-confiscatorio\/","url":"https:\/\/downgalicia.org\/es\/cermi-galicia-se-adhiere-al-manifiesto-contra-el-copago-confiscatorio\/","name":"CERMI Galicia se adhiere al manifiesto contra el copago confiscatorio &#8226; Federaci\u00f3n Down Galicia","isPartOf":{"@id":"https:\/\/downgalicia.org\/es\/#website"},"datePublished":"2014-12-03T08:51:37+00:00","breadcrumb":{"@id":"https:\/\/downgalicia.org\/es\/cermi-galicia-se-adhiere-al-manifiesto-contra-el-copago-confiscatorio\/#breadcrumb"},"inLanguage":"es","potentialAction":[{"@type":"ReadAction","target":["https:\/\/downgalicia.org\/es\/cermi-galicia-se-adhiere-al-manifiesto-contra-el-copago-confiscatorio\/"]}]},{"@type":"BreadcrumbList","@id":"https:\/\/downgalicia.org\/es\/cermi-galicia-se-adhiere-al-manifiesto-contra-el-copago-confiscatorio\/#breadcrumb","itemListElement":[{"@type":"ListItem","position":1,"name":"Portada","item":"https:\/\/downgalicia.org\/es\/"},{"@type":"ListItem","position":2,"name":"CERMI Galicia se adhiere al manifiesto contra el copago confiscatorio"}]},{"@type":"WebSite","@id":"https:\/\/downgalicia.org\/es\/#website","url":"https:\/\/downgalicia.org\/es\/","name":"Federaci\u00f3n Down Galicia","description":"Apoio a persoas con S\u00edndrome de Down","publisher":{"@id":"https:\/\/downgalicia.org\/es\/#organization"},"potentialAction":[{"@type":"SearchAction","target":{"@type":"EntryPoint","urlTemplate":"https:\/\/downgalicia.org\/es\/?s={search_term_string}"},"query-input":{"@type":"PropertyValueSpecification","valueRequired":true,"valueName":"search_term_string"}}],"inLanguage":"es"},{"@type":"Organization","@id":"https:\/\/downgalicia.org\/es\/#organization","name":"Federaci\u00f3n Down Galicia","url":"https:\/\/downgalicia.org\/es\/","logo":{"@type":"ImageObject","inLanguage":"es","@id":"https:\/\/downgalicia.org\/es\/#\/schema\/logo\/image\/","url":"https:\/\/downgalicia.org\/wp-content\/uploads\/2024\/07\/logo-sindrome-down-color.svg","contentUrl":"https:\/\/downgalicia.org\/wp-content\/uploads\/2024\/07\/logo-sindrome-down-color.svg","width":271,"height":88,"caption":"Federaci\u00f3n Down Galicia"},"image":{"@id":"https:\/\/downgalicia.org\/es\/#\/schema\/logo\/image\/"}},{"@type":"Person","@id":"https:\/\/downgalicia.org\/es\/#\/schema\/person\/317730a00185114c76a219b94bddef15","name":"produccion@visualpublinet.com","image":{"@type":"ImageObject","inLanguage":"es","@id":"https:\/\/downgalicia.org\/es\/#\/schema\/person\/image\/","url":"https:\/\/secure.gravatar.com\/avatar\/282ee20c78c1b1137175d4ab9f75785d8c239d499b1376df3ba16efa213b7b10?s=96&d=mm&r=g","contentUrl":"https:\/\/secure.gravatar.com\/avatar\/282ee20c78c1b1137175d4ab9f75785d8c239d499b1376df3ba16efa213b7b10?s=96&d=mm&r=g","caption":"produccion@visualpublinet.com"},"sameAs":["https:\/\/downgalicia.org"],"url":"https:\/\/downgalicia.org\/es\/author\/produccionvisualpublinet-com\/"}]}},"_links":{"self":[{"href":"https:\/\/downgalicia.org\/es\/wp-json\/wp\/v2\/posts\/8139","targetHints":{"allow":["GET"]}}],"collection":[{"href":"https:\/\/downgalicia.org\/es\/wp-json\/wp\/v2\/posts"}],"about":[{"href":"https:\/\/downgalicia.org\/es\/wp-json\/wp\/v2\/types\/post"}],"author":[{"embeddable":true,"href":"https:\/\/downgalicia.org\/es\/wp-json\/wp\/v2\/users\/1"}],"replies":[{"embeddable":true,"href":"https:\/\/downgalicia.org\/es\/wp-json\/wp\/v2\/comments?post=8139"}],"version-history":[{"count":0,"href":"https:\/\/downgalicia.org\/es\/wp-json\/wp\/v2\/posts\/8139\/revisions"}],"wp:attachment":[{"href":"https:\/\/downgalicia.org\/es\/wp-json\/wp\/v2\/media?parent=8139"}],"wp:term":[{"taxonomy":"category","embeddable":true,"href":"https:\/\/downgalicia.org\/es\/wp-json\/wp\/v2\/categories?post=8139"},{"taxonomy":"post_tag","embeddable":true,"href":"https:\/\/downgalicia.org\/es\/wp-json\/wp\/v2\/tags?post=8139"}],"curies":[{"name":"wp","href":"https:\/\/api.w.org\/{rel}","templated":true}]}}