{"id":8143,"date":"2014-12-03T00:00:00","date_gmt":"2014-12-02T23:00:00","guid":{"rendered":"http:\/\/downgalicia.org.136-144-253-96.136-144-253-96.visualpublinet.com\/campana-un-placaje-por-la-inclusion-2\/"},"modified":"2014-12-03T00:00:00","modified_gmt":"2014-12-02T23:00:00","slug":"campana-un-placaje-por-la-inclusion-2","status":"publish","type":"post","link":"https:\/\/downgalicia.org\/es\/campana-un-placaje-por-la-inclusion-2\/","title":{"rendered":"Campa\u00f1a \u201cUn placaje por la inclusi\u00f3n\u201d"},"content":{"rendered":"<p>Down Espa\u00f1a e a Fundaci\u00f3n Sanitas lanzan, con motivo do D\u00eda Internacional das Persoas con Discapacidade, a campa\u00f1a <strong>\u201c<\/strong><em>Rugby inclusivo, un placaje por la inclusi\u00f3n<\/em><strong>\u201d,<\/strong> para impulsar a pr\u00e1ctica conxunta deste deporte entre persoas con e sen discapacidade.  O deporte inclusivo consiste en practicar un deporte entre persoas con e sen discapacidade. \u00c9 altamente recomendable, non s\u00f3 polo benestar f\u00edsico e mental que implica, sen\u00f3n porque ademais consegue mellorar a calidade de vida e a inclusi\u00f3n social das persoas con discapacidade. Como se amosa no v\u00eddeo, o rugby \u00e9 un deporte especialmente id\u00f3neo para as persoas coa s\u00edndrome de Down, xa que \u201ca diferenza entre este e outros deportes \u00e9 que no rugby todo o mundo vale, cada xogador \u00e9 necesario, coas s\u00faas caracter\u00edsticas, e todos os que o practican son \u00fatiles para o equipo\u201d<strong>.<\/strong>  A campa\u00f1a consta de 3 v\u00eddeos: un dirixido a asociaci\u00f3ns de s\u00edndrome de Down e familias, cuxo obxectivo \u00e9 dar a co\u00f1ecer as vantaxes da pr\u00e1ctica do rugby para as persoas coa s\u00edndrome de Down; outro dese\u00f1ado para clubs e adestradores, que explica as bases do adestramento para as persoas coa s\u00edndrome de Down e un terceiro dirixido \u00e1 sociedade.  Os v\u00eddeos, foron gravados durante unha xornada de adestramentos do Gaztedi Rugby Taldea (equipo de Vitoria composto por xogadores con e sen s\u00edndrome de Down), e contan coas intervenci\u00f3ns e puntos de vista de profesionais e familias involucradas na pr\u00e1ctica do deporte inclusivo, as\u00ed como de xogadores con esta discapacidade intelectual, como Ana, unha moza que afirma que \u201cpracticar rugby \u00e9 unha experiencia moi boa, que ademais de enchernos moito nos ensina os valores do deporte\u201d. As familias dos xogadores comparten esta opini\u00f3n e inciden na capacidade do deporte como expo\u00f1ente de inclusi\u00f3n social e de fomento do \u201ccompa\u00f1eirismo, respecto, e reco\u00f1ecemento\u201d, en palabras de Nela, nai\u00a0dun dos xogadores del equipo.  <strong>\u00a0<a title=\"Un placaje por la inclusi\u00f3n\" href=\"https:\/\/www.youtube.com\/watch?v=KPPErxjzcD0#t=124\" target=\"_blank\">Ver v\u00eddeo<\/a><\/strong><\/p>\n","protected":false},"excerpt":{"rendered":"<p>Down Espa\u00f1a e a Fundaci\u00f3n Sanitas lanzan, con motivo do D\u00eda Internacional das Persoas con Discapacidade, a campa\u00f1a \u201cRugby inclusivo, un placaje por la inclusi\u00f3n\u201d, para impulsar a pr\u00e1ctica conxunta deste deporte entre persoas con e sen discapacidade. O deporte&#8230;<\/p>\n","protected":false},"author":1,"featured_media":0,"comment_status":"closed","ping_status":"closed","sticky":false,"template":"","format":"standard","meta":{"_acf_changed":false,"give_campaign_id":0,"footnotes":""},"categories":[129,71],"tags":[],"class_list":["post-8143","post","type-post","status-publish","format-standard","hentry","category-down-galicia-hemeroteca-es","category-noticias-sindrome-de-down-es"],"acf":[],"yoast_head":"<!-- This site is optimized with the Yoast SEO plugin v25.3.1 - https:\/\/yoast.com\/wordpress\/plugins\/seo\/ -->\n<title>Campa\u00f1a \u201cUn placaje por la inclusi\u00f3n\u201d &#8226; Federaci\u00f3n Down Galicia<\/title>\n<meta name=\"robots\" content=\"index, follow, max-snippet:-1, max-image-preview:large, max-video-preview:-1\" \/>\n<link rel=\"canonical\" href=\"https:\/\/downgalicia.org\/es\/campana-un-placaje-por-la-inclusion-2\/\" \/>\n<meta property=\"og:locale\" content=\"es_ES\" \/>\n<meta property=\"og:type\" content=\"article\" \/>\n<meta property=\"og:title\" content=\"Campa\u00f1a \u201cUn placaje por la inclusi\u00f3n\u201d &#8226; Federaci\u00f3n Down Galicia\" \/>\n<meta property=\"og:description\" content=\"Down Espa\u00f1a e a Fundaci\u00f3n Sanitas lanzan, con motivo do D\u00eda Internacional das Persoas con Discapacidade, a campa\u00f1a \u201cRugby inclusivo, un placaje por la inclusi\u00f3n\u201d, para impulsar a pr\u00e1ctica conxunta deste deporte entre persoas con e sen discapacidade. O deporte...\" \/>\n<meta property=\"og:url\" content=\"https:\/\/downgalicia.org\/es\/campana-un-placaje-por-la-inclusion-2\/\" \/>\n<meta property=\"og:site_name\" content=\"Federaci\u00f3n Down Galicia\" \/>\n<meta property=\"article:published_time\" content=\"2014-12-02T23:00:00+00:00\" \/>\n<meta name=\"author\" content=\"produccion@visualpublinet.com\" \/>\n<meta name=\"twitter:card\" content=\"summary_large_image\" \/>\n<meta name=\"twitter:label1\" content=\"Escrito por\" \/>\n\t<meta name=\"twitter:data1\" content=\"produccion@visualpublinet.com\" \/>\n\t<meta name=\"twitter:label2\" content=\"Tiempo de lectura\" \/>\n\t<meta name=\"twitter:data2\" content=\"2 minutos\" \/>\n<script type=\"application\/ld+json\" class=\"yoast-schema-graph\">{\"@context\":\"https:\/\/schema.org\",\"@graph\":[{\"@type\":\"Article\",\"@id\":\"https:\/\/downgalicia.org\/es\/campana-un-placaje-por-la-inclusion-2\/#article\",\"isPartOf\":{\"@id\":\"https:\/\/downgalicia.org\/es\/campana-un-placaje-por-la-inclusion-2\/\"},\"author\":{\"name\":\"produccion@visualpublinet.com\",\"@id\":\"https:\/\/downgalicia.org\/es\/#\/schema\/person\/317730a00185114c76a219b94bddef15\"},\"headline\":\"Campa\u00f1a \u201cUn placaje por la inclusi\u00f3n\u201d\",\"datePublished\":\"2014-12-02T23:00:00+00:00\",\"mainEntityOfPage\":{\"@id\":\"https:\/\/downgalicia.org\/es\/campana-un-placaje-por-la-inclusion-2\/\"},\"wordCount\":342,\"publisher\":{\"@id\":\"https:\/\/downgalicia.org\/es\/#organization\"},\"articleSection\":[\"Down Galicia\",\"Noticias del Movimiento Down\"],\"inLanguage\":\"es\"},{\"@type\":\"WebPage\",\"@id\":\"https:\/\/downgalicia.org\/es\/campana-un-placaje-por-la-inclusion-2\/\",\"url\":\"https:\/\/downgalicia.org\/es\/campana-un-placaje-por-la-inclusion-2\/\",\"name\":\"Campa\u00f1a \u201cUn placaje por la inclusi\u00f3n\u201d &#8226; Federaci\u00f3n Down Galicia\",\"isPartOf\":{\"@id\":\"https:\/\/downgalicia.org\/es\/#website\"},\"datePublished\":\"2014-12-02T23:00:00+00:00\",\"breadcrumb\":{\"@id\":\"https:\/\/downgalicia.org\/es\/campana-un-placaje-por-la-inclusion-2\/#breadcrumb\"},\"inLanguage\":\"es\",\"potentialAction\":[{\"@type\":\"ReadAction\",\"target\":[\"https:\/\/downgalicia.org\/es\/campana-un-placaje-por-la-inclusion-2\/\"]}]},{\"@type\":\"BreadcrumbList\",\"@id\":\"https:\/\/downgalicia.org\/es\/campana-un-placaje-por-la-inclusion-2\/#breadcrumb\",\"itemListElement\":[{\"@type\":\"ListItem\",\"position\":1,\"name\":\"Portada\",\"item\":\"https:\/\/downgalicia.org\/es\/\"},{\"@type\":\"ListItem\",\"position\":2,\"name\":\"Campa\u00f1a \u201cUn placaje por la inclusi\u00f3n\u201d\"}]},{\"@type\":\"WebSite\",\"@id\":\"https:\/\/downgalicia.org\/es\/#website\",\"url\":\"https:\/\/downgalicia.org\/es\/\",\"name\":\"Federaci\u00f3n Down Galicia\",\"description\":\"Apoio a persoas con S\u00edndrome de Down\",\"publisher\":{\"@id\":\"https:\/\/downgalicia.org\/es\/#organization\"},\"potentialAction\":[{\"@type\":\"SearchAction\",\"target\":{\"@type\":\"EntryPoint\",\"urlTemplate\":\"https:\/\/downgalicia.org\/es\/?s={search_term_string}\"},\"query-input\":{\"@type\":\"PropertyValueSpecification\",\"valueRequired\":true,\"valueName\":\"search_term_string\"}}],\"inLanguage\":\"es\"},{\"@type\":\"Organization\",\"@id\":\"https:\/\/downgalicia.org\/es\/#organization\",\"name\":\"Federaci\u00f3n Down Galicia\",\"url\":\"https:\/\/downgalicia.org\/es\/\",\"logo\":{\"@type\":\"ImageObject\",\"inLanguage\":\"es\",\"@id\":\"https:\/\/downgalicia.org\/es\/#\/schema\/logo\/image\/\",\"url\":\"https:\/\/downgalicia.org\/wp-content\/uploads\/2024\/07\/logo-sindrome-down-color.svg\",\"contentUrl\":\"https:\/\/downgalicia.org\/wp-content\/uploads\/2024\/07\/logo-sindrome-down-color.svg\",\"width\":271,\"height\":88,\"caption\":\"Federaci\u00f3n Down Galicia\"},\"image\":{\"@id\":\"https:\/\/downgalicia.org\/es\/#\/schema\/logo\/image\/\"}},{\"@type\":\"Person\",\"@id\":\"https:\/\/downgalicia.org\/es\/#\/schema\/person\/317730a00185114c76a219b94bddef15\",\"name\":\"produccion@visualpublinet.com\",\"image\":{\"@type\":\"ImageObject\",\"inLanguage\":\"es\",\"@id\":\"https:\/\/downgalicia.org\/es\/#\/schema\/person\/image\/\",\"url\":\"https:\/\/secure.gravatar.com\/avatar\/282ee20c78c1b1137175d4ab9f75785d8c239d499b1376df3ba16efa213b7b10?s=96&d=mm&r=g\",\"contentUrl\":\"https:\/\/secure.gravatar.com\/avatar\/282ee20c78c1b1137175d4ab9f75785d8c239d499b1376df3ba16efa213b7b10?s=96&d=mm&r=g\",\"caption\":\"produccion@visualpublinet.com\"},\"sameAs\":[\"https:\/\/downgalicia.org\"],\"url\":\"https:\/\/downgalicia.org\/es\/author\/produccionvisualpublinet-com\/\"}]}<\/script>\n<!-- \/ Yoast SEO plugin. -->","yoast_head_json":{"title":"Campa\u00f1a \u201cUn placaje por la inclusi\u00f3n\u201d &#8226; Federaci\u00f3n Down Galicia","robots":{"index":"index","follow":"follow","max-snippet":"max-snippet:-1","max-image-preview":"max-image-preview:large","max-video-preview":"max-video-preview:-1"},"canonical":"https:\/\/downgalicia.org\/es\/campana-un-placaje-por-la-inclusion-2\/","og_locale":"es_ES","og_type":"article","og_title":"Campa\u00f1a \u201cUn placaje por la inclusi\u00f3n\u201d &#8226; Federaci\u00f3n Down Galicia","og_description":"Down Espa\u00f1a e a Fundaci\u00f3n Sanitas lanzan, con motivo do D\u00eda Internacional das Persoas con Discapacidade, a campa\u00f1a \u201cRugby inclusivo, un placaje por la inclusi\u00f3n\u201d, para impulsar a pr\u00e1ctica conxunta deste deporte entre persoas con e sen discapacidade. O deporte...","og_url":"https:\/\/downgalicia.org\/es\/campana-un-placaje-por-la-inclusion-2\/","og_site_name":"Federaci\u00f3n Down Galicia","article_published_time":"2014-12-02T23:00:00+00:00","author":"produccion@visualpublinet.com","twitter_card":"summary_large_image","twitter_misc":{"Escrito por":"produccion@visualpublinet.com","Tiempo de lectura":"2 minutos"},"schema":{"@context":"https:\/\/schema.org","@graph":[{"@type":"Article","@id":"https:\/\/downgalicia.org\/es\/campana-un-placaje-por-la-inclusion-2\/#article","isPartOf":{"@id":"https:\/\/downgalicia.org\/es\/campana-un-placaje-por-la-inclusion-2\/"},"author":{"name":"produccion@visualpublinet.com","@id":"https:\/\/downgalicia.org\/es\/#\/schema\/person\/317730a00185114c76a219b94bddef15"},"headline":"Campa\u00f1a \u201cUn placaje por la inclusi\u00f3n\u201d","datePublished":"2014-12-02T23:00:00+00:00","mainEntityOfPage":{"@id":"https:\/\/downgalicia.org\/es\/campana-un-placaje-por-la-inclusion-2\/"},"wordCount":342,"publisher":{"@id":"https:\/\/downgalicia.org\/es\/#organization"},"articleSection":["Down Galicia","Noticias del Movimiento Down"],"inLanguage":"es"},{"@type":"WebPage","@id":"https:\/\/downgalicia.org\/es\/campana-un-placaje-por-la-inclusion-2\/","url":"https:\/\/downgalicia.org\/es\/campana-un-placaje-por-la-inclusion-2\/","name":"Campa\u00f1a \u201cUn placaje por la inclusi\u00f3n\u201d &#8226; Federaci\u00f3n Down Galicia","isPartOf":{"@id":"https:\/\/downgalicia.org\/es\/#website"},"datePublished":"2014-12-02T23:00:00+00:00","breadcrumb":{"@id":"https:\/\/downgalicia.org\/es\/campana-un-placaje-por-la-inclusion-2\/#breadcrumb"},"inLanguage":"es","potentialAction":[{"@type":"ReadAction","target":["https:\/\/downgalicia.org\/es\/campana-un-placaje-por-la-inclusion-2\/"]}]},{"@type":"BreadcrumbList","@id":"https:\/\/downgalicia.org\/es\/campana-un-placaje-por-la-inclusion-2\/#breadcrumb","itemListElement":[{"@type":"ListItem","position":1,"name":"Portada","item":"https:\/\/downgalicia.org\/es\/"},{"@type":"ListItem","position":2,"name":"Campa\u00f1a \u201cUn placaje por la inclusi\u00f3n\u201d"}]},{"@type":"WebSite","@id":"https:\/\/downgalicia.org\/es\/#website","url":"https:\/\/downgalicia.org\/es\/","name":"Federaci\u00f3n Down Galicia","description":"Apoio a persoas con S\u00edndrome de Down","publisher":{"@id":"https:\/\/downgalicia.org\/es\/#organization"},"potentialAction":[{"@type":"SearchAction","target":{"@type":"EntryPoint","urlTemplate":"https:\/\/downgalicia.org\/es\/?s={search_term_string}"},"query-input":{"@type":"PropertyValueSpecification","valueRequired":true,"valueName":"search_term_string"}}],"inLanguage":"es"},{"@type":"Organization","@id":"https:\/\/downgalicia.org\/es\/#organization","name":"Federaci\u00f3n Down Galicia","url":"https:\/\/downgalicia.org\/es\/","logo":{"@type":"ImageObject","inLanguage":"es","@id":"https:\/\/downgalicia.org\/es\/#\/schema\/logo\/image\/","url":"https:\/\/downgalicia.org\/wp-content\/uploads\/2024\/07\/logo-sindrome-down-color.svg","contentUrl":"https:\/\/downgalicia.org\/wp-content\/uploads\/2024\/07\/logo-sindrome-down-color.svg","width":271,"height":88,"caption":"Federaci\u00f3n Down Galicia"},"image":{"@id":"https:\/\/downgalicia.org\/es\/#\/schema\/logo\/image\/"}},{"@type":"Person","@id":"https:\/\/downgalicia.org\/es\/#\/schema\/person\/317730a00185114c76a219b94bddef15","name":"produccion@visualpublinet.com","image":{"@type":"ImageObject","inLanguage":"es","@id":"https:\/\/downgalicia.org\/es\/#\/schema\/person\/image\/","url":"https:\/\/secure.gravatar.com\/avatar\/282ee20c78c1b1137175d4ab9f75785d8c239d499b1376df3ba16efa213b7b10?s=96&d=mm&r=g","contentUrl":"https:\/\/secure.gravatar.com\/avatar\/282ee20c78c1b1137175d4ab9f75785d8c239d499b1376df3ba16efa213b7b10?s=96&d=mm&r=g","caption":"produccion@visualpublinet.com"},"sameAs":["https:\/\/downgalicia.org"],"url":"https:\/\/downgalicia.org\/es\/author\/produccionvisualpublinet-com\/"}]}},"_links":{"self":[{"href":"https:\/\/downgalicia.org\/es\/wp-json\/wp\/v2\/posts\/8143","targetHints":{"allow":["GET"]}}],"collection":[{"href":"https:\/\/downgalicia.org\/es\/wp-json\/wp\/v2\/posts"}],"about":[{"href":"https:\/\/downgalicia.org\/es\/wp-json\/wp\/v2\/types\/post"}],"author":[{"embeddable":true,"href":"https:\/\/downgalicia.org\/es\/wp-json\/wp\/v2\/users\/1"}],"replies":[{"embeddable":true,"href":"https:\/\/downgalicia.org\/es\/wp-json\/wp\/v2\/comments?post=8143"}],"version-history":[{"count":0,"href":"https:\/\/downgalicia.org\/es\/wp-json\/wp\/v2\/posts\/8143\/revisions"}],"wp:attachment":[{"href":"https:\/\/downgalicia.org\/es\/wp-json\/wp\/v2\/media?parent=8143"}],"wp:term":[{"taxonomy":"category","embeddable":true,"href":"https:\/\/downgalicia.org\/es\/wp-json\/wp\/v2\/categories?post=8143"},{"taxonomy":"post_tag","embeddable":true,"href":"https:\/\/downgalicia.org\/es\/wp-json\/wp\/v2\/tags?post=8143"}],"curies":[{"name":"wp","href":"https:\/\/api.w.org\/{rel}","templated":true}]}}