{"id":8148,"date":"2014-11-27T09:43:06","date_gmt":"2014-11-27T08:43:06","guid":{"rendered":"http:\/\/downgalicia.org.136-144-253-96.136-144-253-96.visualpublinet.com\/las-entidades-down-mejoran-sus-equipamientos-tecnologicos\/"},"modified":"2014-11-27T09:43:06","modified_gmt":"2014-11-27T08:43:06","slug":"las-entidades-down-mejoran-sus-equipamientos-tecnologicos","status":"publish","type":"post","link":"https:\/\/downgalicia.org\/es\/las-entidades-down-mejoran-sus-equipamientos-tecnologicos\/","title":{"rendered":"Las entidades Down mejoran sus equipamientos tecnol\u00f3gicos"},"content":{"rendered":"<p>Gracias a una ayuda econ\u00f3mica de 16.760,44 euros de la Secretar\u00eda Xeral de Igualdade y del Fondo Social Europeo, las entidades federadas en Down Galicia acaban de incrementar y mejorar sus recursos tecnol\u00f3gicos.<\/p>\n<p>Este proyecto fue acometido tras detectar la necesidad de actualizar algunos puestos de trabajo, para facilitar el proceso de b\u00fasqueda, procesamiento y adaptaci\u00f3n de la informaci\u00f3n que se utiliza en las diferentes \u00e1reas. Para ello, se adquirieron equipos inform\u00e1ticos capaces de garantizar una plataforma de acci\u00f3n en la que desenvolver todo el software y las aplicaciones disponibles en el mercado, sin problemas de velocidad e con gran capacidad de manejo de datos.<\/p>\n<p>Este nuevo equipamiento permite que la labor diaria de gesti\u00f3n sea m\u00e1s \u00e1gil, eficiente y segura, mejorando las prestaciones de los equipos y adapt\u00e1ndolos a las crecientes necesidades derivadas de manejar un volumen de datos cada vez m\u00e1s importante.<\/p>\n<p>As\u00ed mismo, se puso de manifiesto la necesidad de contar con nuevos dispositivos adecuados a la metodolog\u00eda que se emplea en el proceso de ense\u00f1anza y aprendizaje de las personas con s\u00edndrome de Down..<\/p>\n<p>En este sentido, los nuevos dispositivos permiten avanzar en las estrategias educativas que se desarrollan en formato visual y de car\u00e1cter interactivo, que son las que generan mayor receptividad e inter\u00e9s por parte del alumnado, lo que se traduce en una mejora de las posibilidades de integraci\u00f3n social y laboral de las personas usuarias.<\/p>\n<p>&nbsp;<\/p>\n","protected":false},"excerpt":{"rendered":"<p>Gracias a una ayuda econ\u00f3mica de 16.760,44 euros de la Secretar\u00eda Xeral de Igualdade y del Fondo Social Europeo, las entidades federadas en Down Galicia acaban de incrementar y mejorar sus recursos tecnol\u00f3gicos. Este proyecto fue acometido tras detectar la&#8230;<\/p>\n","protected":false},"author":1,"featured_media":0,"comment_status":"closed","ping_status":"closed","sticky":false,"template":"","format":"standard","meta":{"_acf_changed":false,"give_campaign_id":0,"footnotes":""},"categories":[129,71],"tags":[],"class_list":["post-8148","post","type-post","status-publish","format-standard","hentry","category-down-galicia-hemeroteca-es","category-noticias-sindrome-de-down-es"],"acf":[],"yoast_head":"<!-- This site is optimized with the Yoast SEO plugin v25.3.1 - https:\/\/yoast.com\/wordpress\/plugins\/seo\/ -->\n<title>Las entidades Down mejoran sus equipamientos tecnol\u00f3gicos &#8226; Federaci\u00f3n Down Galicia<\/title>\n<meta name=\"robots\" content=\"index, follow, max-snippet:-1, max-image-preview:large, max-video-preview:-1\" \/>\n<link rel=\"canonical\" href=\"https:\/\/downgalicia.org\/es\/las-entidades-down-mejoran-sus-equipamientos-tecnologicos\/\" \/>\n<meta property=\"og:locale\" content=\"es_ES\" \/>\n<meta property=\"og:type\" content=\"article\" \/>\n<meta property=\"og:title\" content=\"Las entidades Down mejoran sus equipamientos tecnol\u00f3gicos &#8226; Federaci\u00f3n Down Galicia\" \/>\n<meta property=\"og:description\" content=\"Gracias a una ayuda econ\u00f3mica de 16.760,44 euros de la Secretar\u00eda Xeral de Igualdade y del Fondo Social Europeo, las entidades federadas en Down Galicia acaban de incrementar y mejorar sus recursos tecnol\u00f3gicos. Este proyecto fue acometido tras detectar la...\" \/>\n<meta property=\"og:url\" content=\"https:\/\/downgalicia.org\/es\/las-entidades-down-mejoran-sus-equipamientos-tecnologicos\/\" \/>\n<meta property=\"og:site_name\" content=\"Federaci\u00f3n Down Galicia\" \/>\n<meta property=\"article:published_time\" content=\"2014-11-27T08:43:06+00:00\" \/>\n<meta name=\"author\" content=\"produccion@visualpublinet.com\" \/>\n<meta name=\"twitter:card\" content=\"summary_large_image\" \/>\n<meta name=\"twitter:label1\" content=\"Escrito por\" \/>\n\t<meta name=\"twitter:data1\" content=\"produccion@visualpublinet.com\" \/>\n\t<meta name=\"twitter:label2\" content=\"Tiempo de lectura\" \/>\n\t<meta name=\"twitter:data2\" content=\"1 minuto\" \/>\n<script type=\"application\/ld+json\" class=\"yoast-schema-graph\">{\"@context\":\"https:\/\/schema.org\",\"@graph\":[{\"@type\":\"Article\",\"@id\":\"https:\/\/downgalicia.org\/es\/las-entidades-down-mejoran-sus-equipamientos-tecnologicos\/#article\",\"isPartOf\":{\"@id\":\"https:\/\/downgalicia.org\/es\/las-entidades-down-mejoran-sus-equipamientos-tecnologicos\/\"},\"author\":{\"name\":\"produccion@visualpublinet.com\",\"@id\":\"https:\/\/downgalicia.org\/es\/#\/schema\/person\/317730a00185114c76a219b94bddef15\"},\"headline\":\"Las entidades Down mejoran sus equipamientos tecnol\u00f3gicos\",\"datePublished\":\"2014-11-27T08:43:06+00:00\",\"mainEntityOfPage\":{\"@id\":\"https:\/\/downgalicia.org\/es\/las-entidades-down-mejoran-sus-equipamientos-tecnologicos\/\"},\"wordCount\":258,\"publisher\":{\"@id\":\"https:\/\/downgalicia.org\/es\/#organization\"},\"articleSection\":[\"Down Galicia\",\"Noticias del Movimiento Down\"],\"inLanguage\":\"es\"},{\"@type\":\"WebPage\",\"@id\":\"https:\/\/downgalicia.org\/es\/las-entidades-down-mejoran-sus-equipamientos-tecnologicos\/\",\"url\":\"https:\/\/downgalicia.org\/es\/las-entidades-down-mejoran-sus-equipamientos-tecnologicos\/\",\"name\":\"Las entidades Down mejoran sus equipamientos tecnol\u00f3gicos &#8226; Federaci\u00f3n Down Galicia\",\"isPartOf\":{\"@id\":\"https:\/\/downgalicia.org\/es\/#website\"},\"datePublished\":\"2014-11-27T08:43:06+00:00\",\"breadcrumb\":{\"@id\":\"https:\/\/downgalicia.org\/es\/las-entidades-down-mejoran-sus-equipamientos-tecnologicos\/#breadcrumb\"},\"inLanguage\":\"es\",\"potentialAction\":[{\"@type\":\"ReadAction\",\"target\":[\"https:\/\/downgalicia.org\/es\/las-entidades-down-mejoran-sus-equipamientos-tecnologicos\/\"]}]},{\"@type\":\"BreadcrumbList\",\"@id\":\"https:\/\/downgalicia.org\/es\/las-entidades-down-mejoran-sus-equipamientos-tecnologicos\/#breadcrumb\",\"itemListElement\":[{\"@type\":\"ListItem\",\"position\":1,\"name\":\"Portada\",\"item\":\"https:\/\/downgalicia.org\/es\/\"},{\"@type\":\"ListItem\",\"position\":2,\"name\":\"Las entidades Down mejoran sus equipamientos tecnol\u00f3gicos\"}]},{\"@type\":\"WebSite\",\"@id\":\"https:\/\/downgalicia.org\/es\/#website\",\"url\":\"https:\/\/downgalicia.org\/es\/\",\"name\":\"Federaci\u00f3n Down Galicia\",\"description\":\"Apoio a persoas con S\u00edndrome de Down\",\"publisher\":{\"@id\":\"https:\/\/downgalicia.org\/es\/#organization\"},\"potentialAction\":[{\"@type\":\"SearchAction\",\"target\":{\"@type\":\"EntryPoint\",\"urlTemplate\":\"https:\/\/downgalicia.org\/es\/?s={search_term_string}\"},\"query-input\":{\"@type\":\"PropertyValueSpecification\",\"valueRequired\":true,\"valueName\":\"search_term_string\"}}],\"inLanguage\":\"es\"},{\"@type\":\"Organization\",\"@id\":\"https:\/\/downgalicia.org\/es\/#organization\",\"name\":\"Federaci\u00f3n Down Galicia\",\"url\":\"https:\/\/downgalicia.org\/es\/\",\"logo\":{\"@type\":\"ImageObject\",\"inLanguage\":\"es\",\"@id\":\"https:\/\/downgalicia.org\/es\/#\/schema\/logo\/image\/\",\"url\":\"https:\/\/downgalicia.org\/wp-content\/uploads\/2024\/07\/logo-sindrome-down-color.svg\",\"contentUrl\":\"https:\/\/downgalicia.org\/wp-content\/uploads\/2024\/07\/logo-sindrome-down-color.svg\",\"width\":271,\"height\":88,\"caption\":\"Federaci\u00f3n Down Galicia\"},\"image\":{\"@id\":\"https:\/\/downgalicia.org\/es\/#\/schema\/logo\/image\/\"}},{\"@type\":\"Person\",\"@id\":\"https:\/\/downgalicia.org\/es\/#\/schema\/person\/317730a00185114c76a219b94bddef15\",\"name\":\"produccion@visualpublinet.com\",\"image\":{\"@type\":\"ImageObject\",\"inLanguage\":\"es\",\"@id\":\"https:\/\/downgalicia.org\/es\/#\/schema\/person\/image\/\",\"url\":\"https:\/\/secure.gravatar.com\/avatar\/282ee20c78c1b1137175d4ab9f75785d8c239d499b1376df3ba16efa213b7b10?s=96&d=mm&r=g\",\"contentUrl\":\"https:\/\/secure.gravatar.com\/avatar\/282ee20c78c1b1137175d4ab9f75785d8c239d499b1376df3ba16efa213b7b10?s=96&d=mm&r=g\",\"caption\":\"produccion@visualpublinet.com\"},\"sameAs\":[\"https:\/\/downgalicia.org\"],\"url\":\"https:\/\/downgalicia.org\/es\/author\/produccionvisualpublinet-com\/\"}]}<\/script>\n<!-- \/ Yoast SEO plugin. -->","yoast_head_json":{"title":"Las entidades Down mejoran sus equipamientos tecnol\u00f3gicos &#8226; Federaci\u00f3n Down Galicia","robots":{"index":"index","follow":"follow","max-snippet":"max-snippet:-1","max-image-preview":"max-image-preview:large","max-video-preview":"max-video-preview:-1"},"canonical":"https:\/\/downgalicia.org\/es\/las-entidades-down-mejoran-sus-equipamientos-tecnologicos\/","og_locale":"es_ES","og_type":"article","og_title":"Las entidades Down mejoran sus equipamientos tecnol\u00f3gicos &#8226; Federaci\u00f3n Down Galicia","og_description":"Gracias a una ayuda econ\u00f3mica de 16.760,44 euros de la Secretar\u00eda Xeral de Igualdade y del Fondo Social Europeo, las entidades federadas en Down Galicia acaban de incrementar y mejorar sus recursos tecnol\u00f3gicos. Este proyecto fue acometido tras detectar la...","og_url":"https:\/\/downgalicia.org\/es\/las-entidades-down-mejoran-sus-equipamientos-tecnologicos\/","og_site_name":"Federaci\u00f3n Down Galicia","article_published_time":"2014-11-27T08:43:06+00:00","author":"produccion@visualpublinet.com","twitter_card":"summary_large_image","twitter_misc":{"Escrito por":"produccion@visualpublinet.com","Tiempo de lectura":"1 minuto"},"schema":{"@context":"https:\/\/schema.org","@graph":[{"@type":"Article","@id":"https:\/\/downgalicia.org\/es\/las-entidades-down-mejoran-sus-equipamientos-tecnologicos\/#article","isPartOf":{"@id":"https:\/\/downgalicia.org\/es\/las-entidades-down-mejoran-sus-equipamientos-tecnologicos\/"},"author":{"name":"produccion@visualpublinet.com","@id":"https:\/\/downgalicia.org\/es\/#\/schema\/person\/317730a00185114c76a219b94bddef15"},"headline":"Las entidades Down mejoran sus equipamientos tecnol\u00f3gicos","datePublished":"2014-11-27T08:43:06+00:00","mainEntityOfPage":{"@id":"https:\/\/downgalicia.org\/es\/las-entidades-down-mejoran-sus-equipamientos-tecnologicos\/"},"wordCount":258,"publisher":{"@id":"https:\/\/downgalicia.org\/es\/#organization"},"articleSection":["Down Galicia","Noticias del Movimiento Down"],"inLanguage":"es"},{"@type":"WebPage","@id":"https:\/\/downgalicia.org\/es\/las-entidades-down-mejoran-sus-equipamientos-tecnologicos\/","url":"https:\/\/downgalicia.org\/es\/las-entidades-down-mejoran-sus-equipamientos-tecnologicos\/","name":"Las entidades Down mejoran sus equipamientos tecnol\u00f3gicos &#8226; Federaci\u00f3n Down Galicia","isPartOf":{"@id":"https:\/\/downgalicia.org\/es\/#website"},"datePublished":"2014-11-27T08:43:06+00:00","breadcrumb":{"@id":"https:\/\/downgalicia.org\/es\/las-entidades-down-mejoran-sus-equipamientos-tecnologicos\/#breadcrumb"},"inLanguage":"es","potentialAction":[{"@type":"ReadAction","target":["https:\/\/downgalicia.org\/es\/las-entidades-down-mejoran-sus-equipamientos-tecnologicos\/"]}]},{"@type":"BreadcrumbList","@id":"https:\/\/downgalicia.org\/es\/las-entidades-down-mejoran-sus-equipamientos-tecnologicos\/#breadcrumb","itemListElement":[{"@type":"ListItem","position":1,"name":"Portada","item":"https:\/\/downgalicia.org\/es\/"},{"@type":"ListItem","position":2,"name":"Las entidades Down mejoran sus equipamientos tecnol\u00f3gicos"}]},{"@type":"WebSite","@id":"https:\/\/downgalicia.org\/es\/#website","url":"https:\/\/downgalicia.org\/es\/","name":"Federaci\u00f3n Down Galicia","description":"Apoio a persoas con S\u00edndrome de Down","publisher":{"@id":"https:\/\/downgalicia.org\/es\/#organization"},"potentialAction":[{"@type":"SearchAction","target":{"@type":"EntryPoint","urlTemplate":"https:\/\/downgalicia.org\/es\/?s={search_term_string}"},"query-input":{"@type":"PropertyValueSpecification","valueRequired":true,"valueName":"search_term_string"}}],"inLanguage":"es"},{"@type":"Organization","@id":"https:\/\/downgalicia.org\/es\/#organization","name":"Federaci\u00f3n Down Galicia","url":"https:\/\/downgalicia.org\/es\/","logo":{"@type":"ImageObject","inLanguage":"es","@id":"https:\/\/downgalicia.org\/es\/#\/schema\/logo\/image\/","url":"https:\/\/downgalicia.org\/wp-content\/uploads\/2024\/07\/logo-sindrome-down-color.svg","contentUrl":"https:\/\/downgalicia.org\/wp-content\/uploads\/2024\/07\/logo-sindrome-down-color.svg","width":271,"height":88,"caption":"Federaci\u00f3n Down Galicia"},"image":{"@id":"https:\/\/downgalicia.org\/es\/#\/schema\/logo\/image\/"}},{"@type":"Person","@id":"https:\/\/downgalicia.org\/es\/#\/schema\/person\/317730a00185114c76a219b94bddef15","name":"produccion@visualpublinet.com","image":{"@type":"ImageObject","inLanguage":"es","@id":"https:\/\/downgalicia.org\/es\/#\/schema\/person\/image\/","url":"https:\/\/secure.gravatar.com\/avatar\/282ee20c78c1b1137175d4ab9f75785d8c239d499b1376df3ba16efa213b7b10?s=96&d=mm&r=g","contentUrl":"https:\/\/secure.gravatar.com\/avatar\/282ee20c78c1b1137175d4ab9f75785d8c239d499b1376df3ba16efa213b7b10?s=96&d=mm&r=g","caption":"produccion@visualpublinet.com"},"sameAs":["https:\/\/downgalicia.org"],"url":"https:\/\/downgalicia.org\/es\/author\/produccionvisualpublinet-com\/"}]}},"_links":{"self":[{"href":"https:\/\/downgalicia.org\/es\/wp-json\/wp\/v2\/posts\/8148","targetHints":{"allow":["GET"]}}],"collection":[{"href":"https:\/\/downgalicia.org\/es\/wp-json\/wp\/v2\/posts"}],"about":[{"href":"https:\/\/downgalicia.org\/es\/wp-json\/wp\/v2\/types\/post"}],"author":[{"embeddable":true,"href":"https:\/\/downgalicia.org\/es\/wp-json\/wp\/v2\/users\/1"}],"replies":[{"embeddable":true,"href":"https:\/\/downgalicia.org\/es\/wp-json\/wp\/v2\/comments?post=8148"}],"version-history":[{"count":0,"href":"https:\/\/downgalicia.org\/es\/wp-json\/wp\/v2\/posts\/8148\/revisions"}],"wp:attachment":[{"href":"https:\/\/downgalicia.org\/es\/wp-json\/wp\/v2\/media?parent=8148"}],"wp:term":[{"taxonomy":"category","embeddable":true,"href":"https:\/\/downgalicia.org\/es\/wp-json\/wp\/v2\/categories?post=8148"},{"taxonomy":"post_tag","embeddable":true,"href":"https:\/\/downgalicia.org\/es\/wp-json\/wp\/v2\/tags?post=8148"}],"curies":[{"name":"wp","href":"https:\/\/api.w.org\/{rel}","templated":true}]}}