{"id":8307,"date":"2014-04-24T10:46:40","date_gmt":"2014-04-24T08:46:40","guid":{"rendered":"http:\/\/downgalicia.org.136-144-253-96.136-144-253-96.visualpublinet.com\/down-vigo-y-fundacion-barclays-promueven-la-insercion-laboral\/"},"modified":"2014-04-24T10:46:40","modified_gmt":"2014-04-24T08:46:40","slug":"down-vigo-y-fundacion-barclays-promueven-la-insercion-laboral","status":"publish","type":"post","link":"https:\/\/downgalicia.org\/es\/down-vigo-y-fundacion-barclays-promueven-la-insercion-laboral\/","title":{"rendered":"Down Vigo y Fundaci\u00f3n Barclays promueven la inserci\u00f3n laboral"},"content":{"rendered":"<p>Ambas entidades han firmado un convenio de colaboraci\u00f3n para promover la inserci\u00f3n laboral en la empresa ordinaria de personas con s\u00edndrome de Down y otras discapacidades intelectuales. Gracias a este acuerdo, 10 j\u00f3venes de la asociaci\u00f3n viguesa recibir\u00e1n formaci\u00f3n pre-laboral y realizar\u00e1n pr\u00e1cticas en distintas empresas con el objetivo de conseguir un contrato de trabajo.<\/p>\n<p>El convenio se enmarca dentro del proyecto \u201cEmpleabilidad Down\u201d impulsado por Down Espa\u00f1a y Fundaci\u00f3n Barclays<b>, <\/b>un completo programa de actuaciones y acciones formativas cuyo objetivo es fomentar la promoci\u00f3n de la autonom\u00eda personal y apoyar la inserci\u00f3n laboral de este colectivo a trav\u00e9s de la metodolog\u00eda de Empleo con Apoyo. Esto se realiza a trav\u00e9s de la figura del Preparador Laboral, que forma al trabajador en el mismo puesto de trabajo, liberando al empresario de esta labor.<\/p>\n<p>Los usuarios del programa tendr\u00e1n la oportunidad de tener tutor\u00edas individuales en las que se les orientar\u00e1 y ofrecer\u00e1 asesoramiento a la vez que se entrenar\u00e1n sus habilidades y la motivaci\u00f3n cuando existe el des\u00e1nimo en la b\u00fasqueda de empleo. Se trata de definir los objetivos profesionales, descubrir los propios recursos y la forma m\u00e1s eficaz de utilizarlos. Por otro lado se realizar\u00e1n varios talleres de preparaci\u00f3n de entrevistas para los usuarios que quieran incrementar sus posibilidades de \u00e9xito en las entrevistas de selecci\u00f3n. En ellos aprender\u00e1n, t\u00e9cnicas, estrategias y recursos a poner en juego en situaciones reales.<\/p>\n<p>Como complemento a esta formaci\u00f3n profesional se dotar\u00e1 a los usuarios de una formaci\u00f3n integral complementaria que les habilite en la adquisici\u00f3n del mayor grado de autonom\u00eda orientada al desempe\u00f1o de un puesto de trabajo a trav\u00e9s de 3 programas.<\/p>\n<ol>\n<li>Un programa de habilidades sociales con toda una serie de recursos y estrategias directamente vinculadas con la necesidad de establecer y mantener unas adecuadas relaciones interpersonales.<\/li>\n<li>Un programa de Tecnolog\u00edas de la Informaci\u00f3n y Comunicaci\u00f3n, que ir\u00e1<b> <\/b>dirigido<b> <\/b>a facilitarles el acceso a los diferentes servicios tecnol\u00f3gicos implantados en la sociedad: acceso a Internet, uso del ordenador, acceso a redes bancarias informatizadas, comunicaci\u00f3n a trav\u00e9s de la telefon\u00eda m\u00f3vil o fija, realizaci\u00f3n de consultas en organismos p\u00fablicos, programaci\u00f3n y uso de la televisi\u00f3n y DVD etc.<\/li>\n<li>Por \u00faltimo, un programa de autonom\u00eda<b>, <\/b>en el que se trabajar\u00e1n estrategias y recursos que les permitan participar como ciudadanos activos en la sociedad en las \u00e1reas de autonom\u00eda urbana (medios de transporte, orientaci\u00f3n en la ciudad, etc), autonom\u00eda personal (aseo y cuidados, vestido, etc.) y manejo del dinero (compras, gesti\u00f3n del salario..). En esta \u00faltima acci\u00f3n formativa, contar\u00e1n con la participaci\u00f3n de voluntariado de Fundaci\u00f3n Barclays, siendo una oportunidad excelente de colaboraci\u00f3n para la adquisici\u00f3n de determinadas habilidades de autonom\u00eda como el uso del cajero autom\u00e1tico, uso de tarjetas de cr\u00e9dito, apertura de cuentas, etc.<\/li>\n<\/ol>\n","protected":false},"excerpt":{"rendered":"<p>Ambas entidades han firmado un convenio de colaboraci\u00f3n para promover la inserci\u00f3n laboral en la empresa ordinaria de personas con s\u00edndrome de Down y otras discapacidades intelectuales. Gracias a este acuerdo, 10 j\u00f3venes de la asociaci\u00f3n viguesa recibir\u00e1n formaci\u00f3n pre-laboral&#8230;<\/p>\n","protected":false},"author":1,"featured_media":0,"comment_status":"closed","ping_status":"closed","sticky":false,"template":"","format":"standard","meta":{"_acf_changed":false,"give_campaign_id":0,"footnotes":""},"categories":[128,71],"tags":[],"class_list":["post-8307","post","type-post","status-publish","format-standard","hentry","category-down-vigo-hemeroteca-es","category-noticias-sindrome-de-down-es"],"acf":[],"yoast_head":"<!-- This site is optimized with the Yoast SEO plugin v25.3.1 - https:\/\/yoast.com\/wordpress\/plugins\/seo\/ -->\n<title>Down Vigo y Fundaci\u00f3n Barclays promueven la inserci\u00f3n laboral &#8226; Federaci\u00f3n Down Galicia<\/title>\n<meta name=\"robots\" content=\"index, follow, max-snippet:-1, max-image-preview:large, max-video-preview:-1\" \/>\n<link rel=\"canonical\" href=\"https:\/\/downgalicia.org\/es\/down-vigo-y-fundacion-barclays-promueven-la-insercion-laboral\/\" \/>\n<meta property=\"og:locale\" content=\"es_ES\" \/>\n<meta property=\"og:type\" content=\"article\" \/>\n<meta property=\"og:title\" content=\"Down Vigo y Fundaci\u00f3n Barclays promueven la inserci\u00f3n laboral &#8226; Federaci\u00f3n Down Galicia\" \/>\n<meta property=\"og:description\" content=\"Ambas entidades han firmado un convenio de colaboraci\u00f3n para promover la inserci\u00f3n laboral en la empresa ordinaria de personas con s\u00edndrome de Down y otras discapacidades intelectuales. Gracias a este acuerdo, 10 j\u00f3venes de la asociaci\u00f3n viguesa recibir\u00e1n formaci\u00f3n pre-laboral...\" \/>\n<meta property=\"og:url\" content=\"https:\/\/downgalicia.org\/es\/down-vigo-y-fundacion-barclays-promueven-la-insercion-laboral\/\" \/>\n<meta property=\"og:site_name\" content=\"Federaci\u00f3n Down Galicia\" \/>\n<meta property=\"article:published_time\" content=\"2014-04-24T08:46:40+00:00\" \/>\n<meta name=\"author\" content=\"produccion@visualpublinet.com\" \/>\n<meta name=\"twitter:card\" content=\"summary_large_image\" \/>\n<meta name=\"twitter:label1\" content=\"Escrito por\" \/>\n\t<meta name=\"twitter:data1\" content=\"produccion@visualpublinet.com\" \/>\n\t<meta name=\"twitter:label2\" content=\"Tiempo de lectura\" \/>\n\t<meta name=\"twitter:data2\" content=\"3 minutos\" \/>\n<script type=\"application\/ld+json\" class=\"yoast-schema-graph\">{\"@context\":\"https:\/\/schema.org\",\"@graph\":[{\"@type\":\"Article\",\"@id\":\"https:\/\/downgalicia.org\/es\/down-vigo-y-fundacion-barclays-promueven-la-insercion-laboral\/#article\",\"isPartOf\":{\"@id\":\"https:\/\/downgalicia.org\/es\/down-vigo-y-fundacion-barclays-promueven-la-insercion-laboral\/\"},\"author\":{\"name\":\"produccion@visualpublinet.com\",\"@id\":\"https:\/\/downgalicia.org\/es\/#\/schema\/person\/317730a00185114c76a219b94bddef15\"},\"headline\":\"Down Vigo y Fundaci\u00f3n Barclays promueven la inserci\u00f3n laboral\",\"datePublished\":\"2014-04-24T08:46:40+00:00\",\"mainEntityOfPage\":{\"@id\":\"https:\/\/downgalicia.org\/es\/down-vigo-y-fundacion-barclays-promueven-la-insercion-laboral\/\"},\"wordCount\":524,\"publisher\":{\"@id\":\"https:\/\/downgalicia.org\/es\/#organization\"},\"articleSection\":[\"Down Vigo\",\"Noticias del Movimiento Down\"],\"inLanguage\":\"es\"},{\"@type\":\"WebPage\",\"@id\":\"https:\/\/downgalicia.org\/es\/down-vigo-y-fundacion-barclays-promueven-la-insercion-laboral\/\",\"url\":\"https:\/\/downgalicia.org\/es\/down-vigo-y-fundacion-barclays-promueven-la-insercion-laboral\/\",\"name\":\"Down Vigo y Fundaci\u00f3n Barclays promueven la inserci\u00f3n laboral &#8226; Federaci\u00f3n Down Galicia\",\"isPartOf\":{\"@id\":\"https:\/\/downgalicia.org\/es\/#website\"},\"datePublished\":\"2014-04-24T08:46:40+00:00\",\"breadcrumb\":{\"@id\":\"https:\/\/downgalicia.org\/es\/down-vigo-y-fundacion-barclays-promueven-la-insercion-laboral\/#breadcrumb\"},\"inLanguage\":\"es\",\"potentialAction\":[{\"@type\":\"ReadAction\",\"target\":[\"https:\/\/downgalicia.org\/es\/down-vigo-y-fundacion-barclays-promueven-la-insercion-laboral\/\"]}]},{\"@type\":\"BreadcrumbList\",\"@id\":\"https:\/\/downgalicia.org\/es\/down-vigo-y-fundacion-barclays-promueven-la-insercion-laboral\/#breadcrumb\",\"itemListElement\":[{\"@type\":\"ListItem\",\"position\":1,\"name\":\"Portada\",\"item\":\"https:\/\/downgalicia.org\/es\/\"},{\"@type\":\"ListItem\",\"position\":2,\"name\":\"Down Vigo y Fundaci\u00f3n Barclays promueven la inserci\u00f3n laboral\"}]},{\"@type\":\"WebSite\",\"@id\":\"https:\/\/downgalicia.org\/es\/#website\",\"url\":\"https:\/\/downgalicia.org\/es\/\",\"name\":\"Federaci\u00f3n Down Galicia\",\"description\":\"Apoio a persoas con S\u00edndrome de Down\",\"publisher\":{\"@id\":\"https:\/\/downgalicia.org\/es\/#organization\"},\"potentialAction\":[{\"@type\":\"SearchAction\",\"target\":{\"@type\":\"EntryPoint\",\"urlTemplate\":\"https:\/\/downgalicia.org\/es\/?s={search_term_string}\"},\"query-input\":{\"@type\":\"PropertyValueSpecification\",\"valueRequired\":true,\"valueName\":\"search_term_string\"}}],\"inLanguage\":\"es\"},{\"@type\":\"Organization\",\"@id\":\"https:\/\/downgalicia.org\/es\/#organization\",\"name\":\"Federaci\u00f3n Down Galicia\",\"url\":\"https:\/\/downgalicia.org\/es\/\",\"logo\":{\"@type\":\"ImageObject\",\"inLanguage\":\"es\",\"@id\":\"https:\/\/downgalicia.org\/es\/#\/schema\/logo\/image\/\",\"url\":\"https:\/\/downgalicia.org\/wp-content\/uploads\/2024\/07\/logo-sindrome-down-color.svg\",\"contentUrl\":\"https:\/\/downgalicia.org\/wp-content\/uploads\/2024\/07\/logo-sindrome-down-color.svg\",\"width\":271,\"height\":88,\"caption\":\"Federaci\u00f3n Down Galicia\"},\"image\":{\"@id\":\"https:\/\/downgalicia.org\/es\/#\/schema\/logo\/image\/\"}},{\"@type\":\"Person\",\"@id\":\"https:\/\/downgalicia.org\/es\/#\/schema\/person\/317730a00185114c76a219b94bddef15\",\"name\":\"produccion@visualpublinet.com\",\"image\":{\"@type\":\"ImageObject\",\"inLanguage\":\"es\",\"@id\":\"https:\/\/downgalicia.org\/es\/#\/schema\/person\/image\/\",\"url\":\"https:\/\/secure.gravatar.com\/avatar\/282ee20c78c1b1137175d4ab9f75785d8c239d499b1376df3ba16efa213b7b10?s=96&d=mm&r=g\",\"contentUrl\":\"https:\/\/secure.gravatar.com\/avatar\/282ee20c78c1b1137175d4ab9f75785d8c239d499b1376df3ba16efa213b7b10?s=96&d=mm&r=g\",\"caption\":\"produccion@visualpublinet.com\"},\"sameAs\":[\"https:\/\/downgalicia.org\"],\"url\":\"https:\/\/downgalicia.org\/es\/author\/produccionvisualpublinet-com\/\"}]}<\/script>\n<!-- \/ Yoast SEO plugin. -->","yoast_head_json":{"title":"Down Vigo y Fundaci\u00f3n Barclays promueven la inserci\u00f3n laboral &#8226; Federaci\u00f3n Down Galicia","robots":{"index":"index","follow":"follow","max-snippet":"max-snippet:-1","max-image-preview":"max-image-preview:large","max-video-preview":"max-video-preview:-1"},"canonical":"https:\/\/downgalicia.org\/es\/down-vigo-y-fundacion-barclays-promueven-la-insercion-laboral\/","og_locale":"es_ES","og_type":"article","og_title":"Down Vigo y Fundaci\u00f3n Barclays promueven la inserci\u00f3n laboral &#8226; Federaci\u00f3n Down Galicia","og_description":"Ambas entidades han firmado un convenio de colaboraci\u00f3n para promover la inserci\u00f3n laboral en la empresa ordinaria de personas con s\u00edndrome de Down y otras discapacidades intelectuales. Gracias a este acuerdo, 10 j\u00f3venes de la asociaci\u00f3n viguesa recibir\u00e1n formaci\u00f3n pre-laboral...","og_url":"https:\/\/downgalicia.org\/es\/down-vigo-y-fundacion-barclays-promueven-la-insercion-laboral\/","og_site_name":"Federaci\u00f3n Down Galicia","article_published_time":"2014-04-24T08:46:40+00:00","author":"produccion@visualpublinet.com","twitter_card":"summary_large_image","twitter_misc":{"Escrito por":"produccion@visualpublinet.com","Tiempo de lectura":"3 minutos"},"schema":{"@context":"https:\/\/schema.org","@graph":[{"@type":"Article","@id":"https:\/\/downgalicia.org\/es\/down-vigo-y-fundacion-barclays-promueven-la-insercion-laboral\/#article","isPartOf":{"@id":"https:\/\/downgalicia.org\/es\/down-vigo-y-fundacion-barclays-promueven-la-insercion-laboral\/"},"author":{"name":"produccion@visualpublinet.com","@id":"https:\/\/downgalicia.org\/es\/#\/schema\/person\/317730a00185114c76a219b94bddef15"},"headline":"Down Vigo y Fundaci\u00f3n Barclays promueven la inserci\u00f3n laboral","datePublished":"2014-04-24T08:46:40+00:00","mainEntityOfPage":{"@id":"https:\/\/downgalicia.org\/es\/down-vigo-y-fundacion-barclays-promueven-la-insercion-laboral\/"},"wordCount":524,"publisher":{"@id":"https:\/\/downgalicia.org\/es\/#organization"},"articleSection":["Down Vigo","Noticias del Movimiento Down"],"inLanguage":"es"},{"@type":"WebPage","@id":"https:\/\/downgalicia.org\/es\/down-vigo-y-fundacion-barclays-promueven-la-insercion-laboral\/","url":"https:\/\/downgalicia.org\/es\/down-vigo-y-fundacion-barclays-promueven-la-insercion-laboral\/","name":"Down Vigo y Fundaci\u00f3n Barclays promueven la inserci\u00f3n laboral &#8226; Federaci\u00f3n Down Galicia","isPartOf":{"@id":"https:\/\/downgalicia.org\/es\/#website"},"datePublished":"2014-04-24T08:46:40+00:00","breadcrumb":{"@id":"https:\/\/downgalicia.org\/es\/down-vigo-y-fundacion-barclays-promueven-la-insercion-laboral\/#breadcrumb"},"inLanguage":"es","potentialAction":[{"@type":"ReadAction","target":["https:\/\/downgalicia.org\/es\/down-vigo-y-fundacion-barclays-promueven-la-insercion-laboral\/"]}]},{"@type":"BreadcrumbList","@id":"https:\/\/downgalicia.org\/es\/down-vigo-y-fundacion-barclays-promueven-la-insercion-laboral\/#breadcrumb","itemListElement":[{"@type":"ListItem","position":1,"name":"Portada","item":"https:\/\/downgalicia.org\/es\/"},{"@type":"ListItem","position":2,"name":"Down Vigo y Fundaci\u00f3n Barclays promueven la inserci\u00f3n laboral"}]},{"@type":"WebSite","@id":"https:\/\/downgalicia.org\/es\/#website","url":"https:\/\/downgalicia.org\/es\/","name":"Federaci\u00f3n Down Galicia","description":"Apoio a persoas con S\u00edndrome de Down","publisher":{"@id":"https:\/\/downgalicia.org\/es\/#organization"},"potentialAction":[{"@type":"SearchAction","target":{"@type":"EntryPoint","urlTemplate":"https:\/\/downgalicia.org\/es\/?s={search_term_string}"},"query-input":{"@type":"PropertyValueSpecification","valueRequired":true,"valueName":"search_term_string"}}],"inLanguage":"es"},{"@type":"Organization","@id":"https:\/\/downgalicia.org\/es\/#organization","name":"Federaci\u00f3n Down Galicia","url":"https:\/\/downgalicia.org\/es\/","logo":{"@type":"ImageObject","inLanguage":"es","@id":"https:\/\/downgalicia.org\/es\/#\/schema\/logo\/image\/","url":"https:\/\/downgalicia.org\/wp-content\/uploads\/2024\/07\/logo-sindrome-down-color.svg","contentUrl":"https:\/\/downgalicia.org\/wp-content\/uploads\/2024\/07\/logo-sindrome-down-color.svg","width":271,"height":88,"caption":"Federaci\u00f3n Down Galicia"},"image":{"@id":"https:\/\/downgalicia.org\/es\/#\/schema\/logo\/image\/"}},{"@type":"Person","@id":"https:\/\/downgalicia.org\/es\/#\/schema\/person\/317730a00185114c76a219b94bddef15","name":"produccion@visualpublinet.com","image":{"@type":"ImageObject","inLanguage":"es","@id":"https:\/\/downgalicia.org\/es\/#\/schema\/person\/image\/","url":"https:\/\/secure.gravatar.com\/avatar\/282ee20c78c1b1137175d4ab9f75785d8c239d499b1376df3ba16efa213b7b10?s=96&d=mm&r=g","contentUrl":"https:\/\/secure.gravatar.com\/avatar\/282ee20c78c1b1137175d4ab9f75785d8c239d499b1376df3ba16efa213b7b10?s=96&d=mm&r=g","caption":"produccion@visualpublinet.com"},"sameAs":["https:\/\/downgalicia.org"],"url":"https:\/\/downgalicia.org\/es\/author\/produccionvisualpublinet-com\/"}]}},"_links":{"self":[{"href":"https:\/\/downgalicia.org\/es\/wp-json\/wp\/v2\/posts\/8307","targetHints":{"allow":["GET"]}}],"collection":[{"href":"https:\/\/downgalicia.org\/es\/wp-json\/wp\/v2\/posts"}],"about":[{"href":"https:\/\/downgalicia.org\/es\/wp-json\/wp\/v2\/types\/post"}],"author":[{"embeddable":true,"href":"https:\/\/downgalicia.org\/es\/wp-json\/wp\/v2\/users\/1"}],"replies":[{"embeddable":true,"href":"https:\/\/downgalicia.org\/es\/wp-json\/wp\/v2\/comments?post=8307"}],"version-history":[{"count":0,"href":"https:\/\/downgalicia.org\/es\/wp-json\/wp\/v2\/posts\/8307\/revisions"}],"wp:attachment":[{"href":"https:\/\/downgalicia.org\/es\/wp-json\/wp\/v2\/media?parent=8307"}],"wp:term":[{"taxonomy":"category","embeddable":true,"href":"https:\/\/downgalicia.org\/es\/wp-json\/wp\/v2\/categories?post=8307"},{"taxonomy":"post_tag","embeddable":true,"href":"https:\/\/downgalicia.org\/es\/wp-json\/wp\/v2\/tags?post=8307"}],"curies":[{"name":"wp","href":"https:\/\/api.w.org\/{rel}","templated":true}]}}