{"id":8395,"date":"2014-01-15T11:18:17","date_gmt":"2014-01-15T10:18:17","guid":{"rendered":"http:\/\/downgalicia.org.136-144-253-96.136-144-253-96.visualpublinet.com\/convenio-para-atender-con-garantias-el-envejecimiento-de-las-personas-con-sindrome-de-down\/"},"modified":"2014-01-15T11:18:17","modified_gmt":"2014-01-15T10:18:17","slug":"convenio-para-atender-con-garantias-el-envejecimiento-de-las-personas-con-sindrome-de-down","status":"publish","type":"post","link":"https:\/\/downgalicia.org\/es\/convenio-para-atender-con-garantias-el-envejecimiento-de-las-personas-con-sindrome-de-down\/","title":{"rendered":"Convenio para atender con garant\u00edas el envejecimiento de las personas con s\u00edndrome de Down"},"content":{"rendered":"<p>La necesidad de abordar programas de envejecimiento activo y saludable que contemplen las especificidades de las personas con discapacidad intelectual es el objetivo fundamental del convenio de colaboraci\u00f3n firmado esta ma\u00f1ana por el presidente de la Sociedade Galega de Xerontolox\u00eda e Xeriatr\u00eda, Jos\u00e9 Carlos Mill\u00e1n, y por el presidente de la Federaci\u00f3n Down Galicia, Delmiro Prieto.<\/p>\n<p>A trav\u00e9s de este acuerdo ambas entidades buscar\u00e1n f\u00f3rmulas para mejorar el proceso de envejecimiento del colectivo a trav\u00e9s de los recursos, estrategias y metodolog\u00edas de intervenci\u00f3n adecuados a sus necesidades. Acuerdan, adem\u00e1s, promover acciones que contribuyan a una mayor visibilidad, participaci\u00f3n e inclusi\u00f3n de las personas mayores con discapacidad intelectual en programas y servicios de la comunidad.<\/p>\n<p>En la actualidad en Galicia se estima que viven 2.070 personas con s\u00edndrome de Down y 12.682 personas con alg\u00fan tipo de discapacidad intelectual que necesitan que se estudien sus particularidades y contextos de envejecimiento.<\/p>\n<p><b>Una situaci\u00f3n nueva derivada del incremento de la esperanza de vida<\/b><\/p>\n<p>Uno de los cambios m\u00e1s significativos de las personas con s\u00edndrome de Down en las \u00faltimas d\u00e9cadas es el notable incremento de su esperanza de vida, que pas\u00f3 de ser de aproximadamente 9 a\u00f1os a comienzos del pasado siglo a los 60-64 a\u00f1os en la actualidad. Esto fue posible gracias a los avances en los \u00e1mbitos de la salud integral, a la incorporaci\u00f3n a una educaci\u00f3n inclusiva, a la presencia cada vez m\u00e1s normalizada y demandada por ellas mismas para acceder a los contextos laborales, y a los nuevos modelos de vida independiente que se est\u00e1n llevando a cabo desde hace a\u00f1os en la sociedad actual.<\/p>\n<p>En este sentido, el presidente de Down Galicia, Delmiro Prieto, indic\u00f3 que \u201cla trayectoria vital de las personas con s\u00edndrome de Down cambi\u00f3, ahora van a vivir muchos m\u00e1s a\u00f1os, y tambi\u00e9n van a envejecer. Es un fen\u00f3meno nuevo que a\u00fan est\u00e1 invisibilizado. Su capacidad para envejecer con calidad y bienestar va a depender de las estrategias que se adopten para que puedan adaptarse a los cambios que conlleva esta nueva situaci\u00f3n personal, familiar y social del envejecimiento\u201d.<\/p>\n<p><b>Envejecimiento y s\u00edndrome de Down<\/b><\/p>\n<p>Junto al incremento de la esperanza de vida, tambi\u00e9n se han observado la aparici\u00f3n de manifestaciones propias de un envejecimiento precoz \u2013comienzan a envejecer a partir de los 40 a\u00f1os aproximadamente- as\u00ed como una asociaci\u00f3n importante entre s\u00edndrome de Down y la enfermedad de Alzheimer. En este punto, el presidente de la Sociedad Gallega de Gerontolog\u00eda y Geriatr\u00eda, Jos\u00e9 Carlos Mill\u00e1n, matiz\u00f3 que, aunque la incidencia de la enfermedad de Alzheimer en las personas con s\u00edndrome de Down se incrementa con la edad, tambi\u00e9n se conocen casos de personas que han alcanzado los 70 e incluso los 80 a\u00f1os sin manifestaciones de la misma.<\/p>\n<p>Atendiendo a estos datos, Mill\u00e1n incidi\u00f3 en la necesidad de \u201cestablecer un grupo de trabajo para formar al colectivo de profesionales de ambas entidades en los aspectos particulares del diagn\u00f3stico y seguimiento de las complicaciones de este s\u00edndrome para poder establecer pautas de intervenci\u00f3n precoz que contribuyan a un envejecimiento saludable, tratando de conocer sus necesidades particulares, a fin de establecer la diferencia entre las caracter\u00edsticas del envejecimiento y las asociadas a un deterioro cognitivo adquirido.\u201d<\/p>\n<p><b>La voz de los protagonistas<\/b><\/p>\n<p>En la firma del convenio tambi\u00e9n estuvo presente Juan Jos\u00e9 Castrill\u00f3n P\u00e9rez, una persona con s\u00edndrome de Down, de 37 a\u00f1os y vecino de Nar\u00f3n, que explic\u00f3 sus preocupaciones sobre el proceso de envejecimiento que tendr\u00e1 que abordar en los pr\u00f3ximos a\u00f1os.<\/p>\n<p>Comenz\u00f3 defini\u00e9ndose a s\u00ed mismo como una persona \u201cbastante independiente\u201d y asegur\u00f3 que su autonom\u00eda personal la consigui\u00f3 gracias \u201ca los apoyos que tuve, los apoyos son importantes para manejarse uno en la vida\u201d.<\/p>\n<p>Juan Jos\u00e9 Castrill\u00f3n, que vive con su madre y su hermano, afirm\u00f3 que le gustar\u00eda que \u201cel d\u00eda de ma\u00f1ana me tengan en cuenta, que me pregunten antes de tomar decisiones que me vayan afectar\u201d. Asegur\u00f3 que cuando piensa en hacerse mayor le \u201cgustar\u00eda seguir opinando\u201d, al tiempo que\u00a0 \u201cquiero ser un mayor activo y cuidarme, lo que m\u00e1s me preocupa es mi memoria, pero s\u00e9 que hay formas de trabajar la memoria y yo quiero seguir aprendiendo.\u201d<\/p>\n","protected":false},"excerpt":{"rendered":"<p>La necesidad de abordar programas de envejecimiento activo y saludable que contemplen las especificidades de las personas con discapacidad intelectual es el objetivo fundamental del convenio de colaboraci\u00f3n firmado esta ma\u00f1ana por el presidente de la Sociedade Galega de Xerontolox\u00eda&#8230;<\/p>\n","protected":false},"author":1,"featured_media":0,"comment_status":"closed","ping_status":"closed","sticky":false,"template":"","format":"standard","meta":{"_acf_changed":false,"give_campaign_id":0,"footnotes":""},"categories":[129,71],"tags":[],"class_list":["post-8395","post","type-post","status-publish","format-standard","hentry","category-down-galicia-hemeroteca-es","category-noticias-sindrome-de-down-es"],"acf":[],"yoast_head":"<!-- This site is optimized with the Yoast SEO plugin v25.3.1 - https:\/\/yoast.com\/wordpress\/plugins\/seo\/ -->\n<title>Convenio para atender con garant\u00edas el envejecimiento de las personas con s\u00edndrome de Down &#8226; Federaci\u00f3n Down Galicia<\/title>\n<meta name=\"robots\" content=\"index, follow, max-snippet:-1, max-image-preview:large, max-video-preview:-1\" \/>\n<link rel=\"canonical\" href=\"https:\/\/downgalicia.org\/es\/convenio-para-atender-con-garantias-el-envejecimiento-de-las-personas-con-sindrome-de-down\/\" \/>\n<meta property=\"og:locale\" content=\"es_ES\" \/>\n<meta property=\"og:type\" content=\"article\" \/>\n<meta property=\"og:title\" content=\"Convenio para atender con garant\u00edas el envejecimiento de las personas con s\u00edndrome de Down &#8226; Federaci\u00f3n Down Galicia\" \/>\n<meta property=\"og:description\" content=\"La necesidad de abordar programas de envejecimiento activo y saludable que contemplen las especificidades de las personas con discapacidad intelectual es el objetivo fundamental del convenio de colaboraci\u00f3n firmado esta ma\u00f1ana por el presidente de la Sociedade Galega de Xerontolox\u00eda...\" \/>\n<meta property=\"og:url\" content=\"https:\/\/downgalicia.org\/es\/convenio-para-atender-con-garantias-el-envejecimiento-de-las-personas-con-sindrome-de-down\/\" \/>\n<meta property=\"og:site_name\" content=\"Federaci\u00f3n Down Galicia\" \/>\n<meta property=\"article:published_time\" content=\"2014-01-15T10:18:17+00:00\" \/>\n<meta name=\"author\" content=\"produccion@visualpublinet.com\" \/>\n<meta name=\"twitter:card\" content=\"summary_large_image\" \/>\n<meta name=\"twitter:label1\" content=\"Escrito por\" \/>\n\t<meta name=\"twitter:data1\" content=\"produccion@visualpublinet.com\" \/>\n\t<meta name=\"twitter:label2\" content=\"Tiempo de lectura\" \/>\n\t<meta name=\"twitter:data2\" content=\"4 minutos\" \/>\n<script type=\"application\/ld+json\" class=\"yoast-schema-graph\">{\"@context\":\"https:\/\/schema.org\",\"@graph\":[{\"@type\":\"Article\",\"@id\":\"https:\/\/downgalicia.org\/es\/convenio-para-atender-con-garantias-el-envejecimiento-de-las-personas-con-sindrome-de-down\/#article\",\"isPartOf\":{\"@id\":\"https:\/\/downgalicia.org\/es\/convenio-para-atender-con-garantias-el-envejecimiento-de-las-personas-con-sindrome-de-down\/\"},\"author\":{\"name\":\"produccion@visualpublinet.com\",\"@id\":\"https:\/\/downgalicia.org\/es\/#\/schema\/person\/317730a00185114c76a219b94bddef15\"},\"headline\":\"Convenio para atender con garant\u00edas el envejecimiento de las personas con s\u00edndrome de Down\",\"datePublished\":\"2014-01-15T10:18:17+00:00\",\"mainEntityOfPage\":{\"@id\":\"https:\/\/downgalicia.org\/es\/convenio-para-atender-con-garantias-el-envejecimiento-de-las-personas-con-sindrome-de-down\/\"},\"wordCount\":765,\"publisher\":{\"@id\":\"https:\/\/downgalicia.org\/es\/#organization\"},\"articleSection\":[\"Down Galicia\",\"Noticias del Movimiento Down\"],\"inLanguage\":\"es\"},{\"@type\":\"WebPage\",\"@id\":\"https:\/\/downgalicia.org\/es\/convenio-para-atender-con-garantias-el-envejecimiento-de-las-personas-con-sindrome-de-down\/\",\"url\":\"https:\/\/downgalicia.org\/es\/convenio-para-atender-con-garantias-el-envejecimiento-de-las-personas-con-sindrome-de-down\/\",\"name\":\"Convenio para atender con garant\u00edas el envejecimiento de las personas con s\u00edndrome de Down &#8226; Federaci\u00f3n Down Galicia\",\"isPartOf\":{\"@id\":\"https:\/\/downgalicia.org\/es\/#website\"},\"datePublished\":\"2014-01-15T10:18:17+00:00\",\"breadcrumb\":{\"@id\":\"https:\/\/downgalicia.org\/es\/convenio-para-atender-con-garantias-el-envejecimiento-de-las-personas-con-sindrome-de-down\/#breadcrumb\"},\"inLanguage\":\"es\",\"potentialAction\":[{\"@type\":\"ReadAction\",\"target\":[\"https:\/\/downgalicia.org\/es\/convenio-para-atender-con-garantias-el-envejecimiento-de-las-personas-con-sindrome-de-down\/\"]}]},{\"@type\":\"BreadcrumbList\",\"@id\":\"https:\/\/downgalicia.org\/es\/convenio-para-atender-con-garantias-el-envejecimiento-de-las-personas-con-sindrome-de-down\/#breadcrumb\",\"itemListElement\":[{\"@type\":\"ListItem\",\"position\":1,\"name\":\"Portada\",\"item\":\"https:\/\/downgalicia.org\/es\/\"},{\"@type\":\"ListItem\",\"position\":2,\"name\":\"Convenio para atender con garant\u00edas el envejecimiento de las personas con s\u00edndrome de Down\"}]},{\"@type\":\"WebSite\",\"@id\":\"https:\/\/downgalicia.org\/es\/#website\",\"url\":\"https:\/\/downgalicia.org\/es\/\",\"name\":\"Federaci\u00f3n Down Galicia\",\"description\":\"Apoio a persoas con S\u00edndrome de Down\",\"publisher\":{\"@id\":\"https:\/\/downgalicia.org\/es\/#organization\"},\"potentialAction\":[{\"@type\":\"SearchAction\",\"target\":{\"@type\":\"EntryPoint\",\"urlTemplate\":\"https:\/\/downgalicia.org\/es\/?s={search_term_string}\"},\"query-input\":{\"@type\":\"PropertyValueSpecification\",\"valueRequired\":true,\"valueName\":\"search_term_string\"}}],\"inLanguage\":\"es\"},{\"@type\":\"Organization\",\"@id\":\"https:\/\/downgalicia.org\/es\/#organization\",\"name\":\"Federaci\u00f3n Down Galicia\",\"url\":\"https:\/\/downgalicia.org\/es\/\",\"logo\":{\"@type\":\"ImageObject\",\"inLanguage\":\"es\",\"@id\":\"https:\/\/downgalicia.org\/es\/#\/schema\/logo\/image\/\",\"url\":\"https:\/\/downgalicia.org\/wp-content\/uploads\/2024\/07\/logo-sindrome-down-color.svg\",\"contentUrl\":\"https:\/\/downgalicia.org\/wp-content\/uploads\/2024\/07\/logo-sindrome-down-color.svg\",\"width\":271,\"height\":88,\"caption\":\"Federaci\u00f3n Down Galicia\"},\"image\":{\"@id\":\"https:\/\/downgalicia.org\/es\/#\/schema\/logo\/image\/\"}},{\"@type\":\"Person\",\"@id\":\"https:\/\/downgalicia.org\/es\/#\/schema\/person\/317730a00185114c76a219b94bddef15\",\"name\":\"produccion@visualpublinet.com\",\"image\":{\"@type\":\"ImageObject\",\"inLanguage\":\"es\",\"@id\":\"https:\/\/downgalicia.org\/es\/#\/schema\/person\/image\/\",\"url\":\"https:\/\/secure.gravatar.com\/avatar\/282ee20c78c1b1137175d4ab9f75785d8c239d499b1376df3ba16efa213b7b10?s=96&d=mm&r=g\",\"contentUrl\":\"https:\/\/secure.gravatar.com\/avatar\/282ee20c78c1b1137175d4ab9f75785d8c239d499b1376df3ba16efa213b7b10?s=96&d=mm&r=g\",\"caption\":\"produccion@visualpublinet.com\"},\"sameAs\":[\"https:\/\/downgalicia.org\"],\"url\":\"https:\/\/downgalicia.org\/es\/author\/produccionvisualpublinet-com\/\"}]}<\/script>\n<!-- \/ Yoast SEO plugin. -->","yoast_head_json":{"title":"Convenio para atender con garant\u00edas el envejecimiento de las personas con s\u00edndrome de Down &#8226; Federaci\u00f3n Down Galicia","robots":{"index":"index","follow":"follow","max-snippet":"max-snippet:-1","max-image-preview":"max-image-preview:large","max-video-preview":"max-video-preview:-1"},"canonical":"https:\/\/downgalicia.org\/es\/convenio-para-atender-con-garantias-el-envejecimiento-de-las-personas-con-sindrome-de-down\/","og_locale":"es_ES","og_type":"article","og_title":"Convenio para atender con garant\u00edas el envejecimiento de las personas con s\u00edndrome de Down &#8226; Federaci\u00f3n Down Galicia","og_description":"La necesidad de abordar programas de envejecimiento activo y saludable que contemplen las especificidades de las personas con discapacidad intelectual es el objetivo fundamental del convenio de colaboraci\u00f3n firmado esta ma\u00f1ana por el presidente de la Sociedade Galega de Xerontolox\u00eda...","og_url":"https:\/\/downgalicia.org\/es\/convenio-para-atender-con-garantias-el-envejecimiento-de-las-personas-con-sindrome-de-down\/","og_site_name":"Federaci\u00f3n Down Galicia","article_published_time":"2014-01-15T10:18:17+00:00","author":"produccion@visualpublinet.com","twitter_card":"summary_large_image","twitter_misc":{"Escrito por":"produccion@visualpublinet.com","Tiempo de lectura":"4 minutos"},"schema":{"@context":"https:\/\/schema.org","@graph":[{"@type":"Article","@id":"https:\/\/downgalicia.org\/es\/convenio-para-atender-con-garantias-el-envejecimiento-de-las-personas-con-sindrome-de-down\/#article","isPartOf":{"@id":"https:\/\/downgalicia.org\/es\/convenio-para-atender-con-garantias-el-envejecimiento-de-las-personas-con-sindrome-de-down\/"},"author":{"name":"produccion@visualpublinet.com","@id":"https:\/\/downgalicia.org\/es\/#\/schema\/person\/317730a00185114c76a219b94bddef15"},"headline":"Convenio para atender con garant\u00edas el envejecimiento de las personas con s\u00edndrome de Down","datePublished":"2014-01-15T10:18:17+00:00","mainEntityOfPage":{"@id":"https:\/\/downgalicia.org\/es\/convenio-para-atender-con-garantias-el-envejecimiento-de-las-personas-con-sindrome-de-down\/"},"wordCount":765,"publisher":{"@id":"https:\/\/downgalicia.org\/es\/#organization"},"articleSection":["Down Galicia","Noticias del Movimiento Down"],"inLanguage":"es"},{"@type":"WebPage","@id":"https:\/\/downgalicia.org\/es\/convenio-para-atender-con-garantias-el-envejecimiento-de-las-personas-con-sindrome-de-down\/","url":"https:\/\/downgalicia.org\/es\/convenio-para-atender-con-garantias-el-envejecimiento-de-las-personas-con-sindrome-de-down\/","name":"Convenio para atender con garant\u00edas el envejecimiento de las personas con s\u00edndrome de Down &#8226; Federaci\u00f3n Down Galicia","isPartOf":{"@id":"https:\/\/downgalicia.org\/es\/#website"},"datePublished":"2014-01-15T10:18:17+00:00","breadcrumb":{"@id":"https:\/\/downgalicia.org\/es\/convenio-para-atender-con-garantias-el-envejecimiento-de-las-personas-con-sindrome-de-down\/#breadcrumb"},"inLanguage":"es","potentialAction":[{"@type":"ReadAction","target":["https:\/\/downgalicia.org\/es\/convenio-para-atender-con-garantias-el-envejecimiento-de-las-personas-con-sindrome-de-down\/"]}]},{"@type":"BreadcrumbList","@id":"https:\/\/downgalicia.org\/es\/convenio-para-atender-con-garantias-el-envejecimiento-de-las-personas-con-sindrome-de-down\/#breadcrumb","itemListElement":[{"@type":"ListItem","position":1,"name":"Portada","item":"https:\/\/downgalicia.org\/es\/"},{"@type":"ListItem","position":2,"name":"Convenio para atender con garant\u00edas el envejecimiento de las personas con s\u00edndrome de Down"}]},{"@type":"WebSite","@id":"https:\/\/downgalicia.org\/es\/#website","url":"https:\/\/downgalicia.org\/es\/","name":"Federaci\u00f3n Down Galicia","description":"Apoio a persoas con S\u00edndrome de Down","publisher":{"@id":"https:\/\/downgalicia.org\/es\/#organization"},"potentialAction":[{"@type":"SearchAction","target":{"@type":"EntryPoint","urlTemplate":"https:\/\/downgalicia.org\/es\/?s={search_term_string}"},"query-input":{"@type":"PropertyValueSpecification","valueRequired":true,"valueName":"search_term_string"}}],"inLanguage":"es"},{"@type":"Organization","@id":"https:\/\/downgalicia.org\/es\/#organization","name":"Federaci\u00f3n Down Galicia","url":"https:\/\/downgalicia.org\/es\/","logo":{"@type":"ImageObject","inLanguage":"es","@id":"https:\/\/downgalicia.org\/es\/#\/schema\/logo\/image\/","url":"https:\/\/downgalicia.org\/wp-content\/uploads\/2024\/07\/logo-sindrome-down-color.svg","contentUrl":"https:\/\/downgalicia.org\/wp-content\/uploads\/2024\/07\/logo-sindrome-down-color.svg","width":271,"height":88,"caption":"Federaci\u00f3n Down Galicia"},"image":{"@id":"https:\/\/downgalicia.org\/es\/#\/schema\/logo\/image\/"}},{"@type":"Person","@id":"https:\/\/downgalicia.org\/es\/#\/schema\/person\/317730a00185114c76a219b94bddef15","name":"produccion@visualpublinet.com","image":{"@type":"ImageObject","inLanguage":"es","@id":"https:\/\/downgalicia.org\/es\/#\/schema\/person\/image\/","url":"https:\/\/secure.gravatar.com\/avatar\/282ee20c78c1b1137175d4ab9f75785d8c239d499b1376df3ba16efa213b7b10?s=96&d=mm&r=g","contentUrl":"https:\/\/secure.gravatar.com\/avatar\/282ee20c78c1b1137175d4ab9f75785d8c239d499b1376df3ba16efa213b7b10?s=96&d=mm&r=g","caption":"produccion@visualpublinet.com"},"sameAs":["https:\/\/downgalicia.org"],"url":"https:\/\/downgalicia.org\/es\/author\/produccionvisualpublinet-com\/"}]}},"_links":{"self":[{"href":"https:\/\/downgalicia.org\/es\/wp-json\/wp\/v2\/posts\/8395","targetHints":{"allow":["GET"]}}],"collection":[{"href":"https:\/\/downgalicia.org\/es\/wp-json\/wp\/v2\/posts"}],"about":[{"href":"https:\/\/downgalicia.org\/es\/wp-json\/wp\/v2\/types\/post"}],"author":[{"embeddable":true,"href":"https:\/\/downgalicia.org\/es\/wp-json\/wp\/v2\/users\/1"}],"replies":[{"embeddable":true,"href":"https:\/\/downgalicia.org\/es\/wp-json\/wp\/v2\/comments?post=8395"}],"version-history":[{"count":0,"href":"https:\/\/downgalicia.org\/es\/wp-json\/wp\/v2\/posts\/8395\/revisions"}],"wp:attachment":[{"href":"https:\/\/downgalicia.org\/es\/wp-json\/wp\/v2\/media?parent=8395"}],"wp:term":[{"taxonomy":"category","embeddable":true,"href":"https:\/\/downgalicia.org\/es\/wp-json\/wp\/v2\/categories?post=8395"},{"taxonomy":"post_tag","embeddable":true,"href":"https:\/\/downgalicia.org\/es\/wp-json\/wp\/v2\/tags?post=8395"}],"curies":[{"name":"wp","href":"https:\/\/api.w.org\/{rel}","templated":true}]}}