{"id":8482,"date":"2013-10-31T11:32:22","date_gmt":"2013-10-31T10:32:22","guid":{"rendered":"http:\/\/downgalicia.org.136-144-253-96.136-144-253-96.visualpublinet.com\/la-fundacion-once-colabora-en-la-inclusion-sociolaboral-de-las-personas-con-sindrome-de-down\/"},"modified":"2013-10-31T11:32:22","modified_gmt":"2013-10-31T10:32:22","slug":"la-fundacion-once-colabora-en-la-inclusion-sociolaboral-de-las-personas-con-sindrome-de-down","status":"publish","type":"post","link":"https:\/\/downgalicia.org\/es\/la-fundacion-once-colabora-en-la-inclusion-sociolaboral-de-las-personas-con-sindrome-de-down\/","title":{"rendered":"La Fundaci\u00f3n Once colabora en la inclusi\u00f3n sociolaboral de  las personas con s\u00edndrome de Down"},"content":{"rendered":"<p>La Fundaci\u00f3n Once aporta 6.720 \u20ac al proyecto de \u201cEmpleo con Apoyo\u201d que pone en marcha Down Galicia en colaboraci\u00f3n con sus entidades miembro, de forma que personas con discapacidad intelectual de toda la Comunidad Aut\u00f3noma de Galicia cuenten con una serie de apoyos encaminados a conseguir su inclusi\u00f3n en el mercado laboral ordinario.<\/p>\n<p>As\u00ed, en virtud de esta colaboraci\u00f3n, un total de 27 personas con discapacidad intelectual contaron con apoyos para la\u00a0 b\u00fasqueda activa de empleo, mientras que un total 44 personas contaron con apoyos en materia de mantenimiento del puesto de trabajo que ocupan en empresas ordinarias.<\/p>\n<p>El programa de \u201cEmpleo con Apoyo\u201d responde a la reivindicaci\u00f3n de las personas con s\u00edndrome de Down a su derecho a trabajar en entornos laborales normalizados y disponer de recursos que les permitan alcanzar mayores cuotas de autonom\u00eda e independencia, tanto a nivel social como econ\u00f3mico. Adem\u00e1s, todos los beneficiarios del proyecto tienen por objetivo alcanzar un trabajo como una forma de reconocimiento p\u00fablico b\u00e1sico para la construcci\u00f3n de un rol social activo y participativo, as\u00ed como a contribuir al desarrollo de su comunidad.<\/p>\n<p>Se pone a disposici\u00f3n de las personas con s\u00edndrome de Down y discapacidad intelectual un sistema estructurado de apoyo y acompa\u00f1amiento para guiarlas en el proceso de inserci\u00f3n socio-laboral y asegurar su correcta incorporaci\u00f3n y el mantenimiento del puesto de trabajo tanto en la empresa privada como p\u00fablica. De esta forma, los usuarios que se incorporan a un puesto, cuentan con el apoyo de un preparador laboral encargado de llevar a cabo una formaci\u00f3n espec\u00edfica en el propio puesto de trabajo, desarrollando estrategias de aprendizaje para que el usuario pueda ir adquiriendo progresivamente una adecuada ejecuci\u00f3n de las tareas. El apoyo tambi\u00e9n se centra en la potenciaci\u00f3n de la interacci\u00f3n social con los compa\u00f1eros de trabajo y \u00a0en la mediaci\u00f3n en la relaci\u00f3n con ellos para que se desarrolle de forma positiva y natural.<\/p>\n","protected":false},"excerpt":{"rendered":"<p>La Fundaci\u00f3n Once aporta 6.720 \u20ac al proyecto de \u201cEmpleo con Apoyo\u201d que pone en marcha Down Galicia en colaboraci\u00f3n con sus entidades miembro, de forma que personas con discapacidad intelectual de toda la Comunidad Aut\u00f3noma de Galicia cuenten con&#8230;<\/p>\n","protected":false},"author":1,"featured_media":0,"comment_status":"closed","ping_status":"closed","sticky":false,"template":"","format":"standard","meta":{"_acf_changed":false,"give_campaign_id":0,"footnotes":""},"categories":[129,71],"tags":[],"class_list":["post-8482","post","type-post","status-publish","format-standard","hentry","category-down-galicia-hemeroteca-es","category-noticias-sindrome-de-down-es"],"acf":[],"yoast_head":"<!-- This site is optimized with the Yoast SEO plugin v25.3.1 - https:\/\/yoast.com\/wordpress\/plugins\/seo\/ -->\n<title>La Fundaci\u00f3n Once colabora en la inclusi\u00f3n sociolaboral de las personas con s\u00edndrome de Down &#8226; Federaci\u00f3n Down Galicia<\/title>\n<meta name=\"robots\" content=\"index, follow, max-snippet:-1, max-image-preview:large, max-video-preview:-1\" \/>\n<link rel=\"canonical\" href=\"https:\/\/downgalicia.org\/es\/la-fundacion-once-colabora-en-la-inclusion-sociolaboral-de-las-personas-con-sindrome-de-down\/\" \/>\n<meta property=\"og:locale\" content=\"es_ES\" \/>\n<meta property=\"og:type\" content=\"article\" \/>\n<meta property=\"og:title\" content=\"La Fundaci\u00f3n Once colabora en la inclusi\u00f3n sociolaboral de las personas con s\u00edndrome de Down &#8226; Federaci\u00f3n Down Galicia\" \/>\n<meta property=\"og:description\" content=\"La Fundaci\u00f3n Once aporta 6.720 \u20ac al proyecto de \u201cEmpleo con Apoyo\u201d que pone en marcha Down Galicia en colaboraci\u00f3n con sus entidades miembro, de forma que personas con discapacidad intelectual de toda la Comunidad Aut\u00f3noma de Galicia cuenten con...\" \/>\n<meta property=\"og:url\" content=\"https:\/\/downgalicia.org\/es\/la-fundacion-once-colabora-en-la-inclusion-sociolaboral-de-las-personas-con-sindrome-de-down\/\" \/>\n<meta property=\"og:site_name\" content=\"Federaci\u00f3n Down Galicia\" \/>\n<meta property=\"article:published_time\" content=\"2013-10-31T10:32:22+00:00\" \/>\n<meta name=\"author\" content=\"produccion@visualpublinet.com\" \/>\n<meta name=\"twitter:card\" content=\"summary_large_image\" \/>\n<meta name=\"twitter:label1\" content=\"Escrito por\" \/>\n\t<meta name=\"twitter:data1\" content=\"produccion@visualpublinet.com\" \/>\n\t<meta name=\"twitter:label2\" content=\"Tiempo de lectura\" \/>\n\t<meta name=\"twitter:data2\" content=\"2 minutos\" \/>\n<script type=\"application\/ld+json\" class=\"yoast-schema-graph\">{\"@context\":\"https:\/\/schema.org\",\"@graph\":[{\"@type\":\"Article\",\"@id\":\"https:\/\/downgalicia.org\/es\/la-fundacion-once-colabora-en-la-inclusion-sociolaboral-de-las-personas-con-sindrome-de-down\/#article\",\"isPartOf\":{\"@id\":\"https:\/\/downgalicia.org\/es\/la-fundacion-once-colabora-en-la-inclusion-sociolaboral-de-las-personas-con-sindrome-de-down\/\"},\"author\":{\"name\":\"produccion@visualpublinet.com\",\"@id\":\"https:\/\/downgalicia.org\/es\/#\/schema\/person\/317730a00185114c76a219b94bddef15\"},\"headline\":\"La Fundaci\u00f3n Once colabora en la inclusi\u00f3n sociolaboral de las personas con s\u00edndrome de Down\",\"datePublished\":\"2013-10-31T10:32:22+00:00\",\"mainEntityOfPage\":{\"@id\":\"https:\/\/downgalicia.org\/es\/la-fundacion-once-colabora-en-la-inclusion-sociolaboral-de-las-personas-con-sindrome-de-down\/\"},\"wordCount\":360,\"publisher\":{\"@id\":\"https:\/\/downgalicia.org\/es\/#organization\"},\"articleSection\":[\"Down Galicia\",\"Noticias del Movimiento Down\"],\"inLanguage\":\"es\"},{\"@type\":\"WebPage\",\"@id\":\"https:\/\/downgalicia.org\/es\/la-fundacion-once-colabora-en-la-inclusion-sociolaboral-de-las-personas-con-sindrome-de-down\/\",\"url\":\"https:\/\/downgalicia.org\/es\/la-fundacion-once-colabora-en-la-inclusion-sociolaboral-de-las-personas-con-sindrome-de-down\/\",\"name\":\"La Fundaci\u00f3n Once colabora en la inclusi\u00f3n sociolaboral de las personas con s\u00edndrome de Down &#8226; Federaci\u00f3n Down Galicia\",\"isPartOf\":{\"@id\":\"https:\/\/downgalicia.org\/es\/#website\"},\"datePublished\":\"2013-10-31T10:32:22+00:00\",\"breadcrumb\":{\"@id\":\"https:\/\/downgalicia.org\/es\/la-fundacion-once-colabora-en-la-inclusion-sociolaboral-de-las-personas-con-sindrome-de-down\/#breadcrumb\"},\"inLanguage\":\"es\",\"potentialAction\":[{\"@type\":\"ReadAction\",\"target\":[\"https:\/\/downgalicia.org\/es\/la-fundacion-once-colabora-en-la-inclusion-sociolaboral-de-las-personas-con-sindrome-de-down\/\"]}]},{\"@type\":\"BreadcrumbList\",\"@id\":\"https:\/\/downgalicia.org\/es\/la-fundacion-once-colabora-en-la-inclusion-sociolaboral-de-las-personas-con-sindrome-de-down\/#breadcrumb\",\"itemListElement\":[{\"@type\":\"ListItem\",\"position\":1,\"name\":\"Portada\",\"item\":\"https:\/\/downgalicia.org\/es\/\"},{\"@type\":\"ListItem\",\"position\":2,\"name\":\"La Fundaci\u00f3n Once colabora en la inclusi\u00f3n sociolaboral de las personas con s\u00edndrome de Down\"}]},{\"@type\":\"WebSite\",\"@id\":\"https:\/\/downgalicia.org\/es\/#website\",\"url\":\"https:\/\/downgalicia.org\/es\/\",\"name\":\"Federaci\u00f3n Down Galicia\",\"description\":\"Apoio a persoas con S\u00edndrome de Down\",\"publisher\":{\"@id\":\"https:\/\/downgalicia.org\/es\/#organization\"},\"potentialAction\":[{\"@type\":\"SearchAction\",\"target\":{\"@type\":\"EntryPoint\",\"urlTemplate\":\"https:\/\/downgalicia.org\/es\/?s={search_term_string}\"},\"query-input\":{\"@type\":\"PropertyValueSpecification\",\"valueRequired\":true,\"valueName\":\"search_term_string\"}}],\"inLanguage\":\"es\"},{\"@type\":\"Organization\",\"@id\":\"https:\/\/downgalicia.org\/es\/#organization\",\"name\":\"Federaci\u00f3n Down Galicia\",\"url\":\"https:\/\/downgalicia.org\/es\/\",\"logo\":{\"@type\":\"ImageObject\",\"inLanguage\":\"es\",\"@id\":\"https:\/\/downgalicia.org\/es\/#\/schema\/logo\/image\/\",\"url\":\"https:\/\/downgalicia.org\/wp-content\/uploads\/2024\/07\/logo-sindrome-down-color.svg\",\"contentUrl\":\"https:\/\/downgalicia.org\/wp-content\/uploads\/2024\/07\/logo-sindrome-down-color.svg\",\"width\":271,\"height\":88,\"caption\":\"Federaci\u00f3n Down Galicia\"},\"image\":{\"@id\":\"https:\/\/downgalicia.org\/es\/#\/schema\/logo\/image\/\"}},{\"@type\":\"Person\",\"@id\":\"https:\/\/downgalicia.org\/es\/#\/schema\/person\/317730a00185114c76a219b94bddef15\",\"name\":\"produccion@visualpublinet.com\",\"image\":{\"@type\":\"ImageObject\",\"inLanguage\":\"es\",\"@id\":\"https:\/\/downgalicia.org\/es\/#\/schema\/person\/image\/\",\"url\":\"https:\/\/secure.gravatar.com\/avatar\/282ee20c78c1b1137175d4ab9f75785d8c239d499b1376df3ba16efa213b7b10?s=96&d=mm&r=g\",\"contentUrl\":\"https:\/\/secure.gravatar.com\/avatar\/282ee20c78c1b1137175d4ab9f75785d8c239d499b1376df3ba16efa213b7b10?s=96&d=mm&r=g\",\"caption\":\"produccion@visualpublinet.com\"},\"sameAs\":[\"https:\/\/downgalicia.org\"],\"url\":\"https:\/\/downgalicia.org\/es\/author\/produccionvisualpublinet-com\/\"}]}<\/script>\n<!-- \/ Yoast SEO plugin. -->","yoast_head_json":{"title":"La Fundaci\u00f3n Once colabora en la inclusi\u00f3n sociolaboral de las personas con s\u00edndrome de Down &#8226; Federaci\u00f3n Down Galicia","robots":{"index":"index","follow":"follow","max-snippet":"max-snippet:-1","max-image-preview":"max-image-preview:large","max-video-preview":"max-video-preview:-1"},"canonical":"https:\/\/downgalicia.org\/es\/la-fundacion-once-colabora-en-la-inclusion-sociolaboral-de-las-personas-con-sindrome-de-down\/","og_locale":"es_ES","og_type":"article","og_title":"La Fundaci\u00f3n Once colabora en la inclusi\u00f3n sociolaboral de las personas con s\u00edndrome de Down &#8226; Federaci\u00f3n Down Galicia","og_description":"La Fundaci\u00f3n Once aporta 6.720 \u20ac al proyecto de \u201cEmpleo con Apoyo\u201d que pone en marcha Down Galicia en colaboraci\u00f3n con sus entidades miembro, de forma que personas con discapacidad intelectual de toda la Comunidad Aut\u00f3noma de Galicia cuenten con...","og_url":"https:\/\/downgalicia.org\/es\/la-fundacion-once-colabora-en-la-inclusion-sociolaboral-de-las-personas-con-sindrome-de-down\/","og_site_name":"Federaci\u00f3n Down Galicia","article_published_time":"2013-10-31T10:32:22+00:00","author":"produccion@visualpublinet.com","twitter_card":"summary_large_image","twitter_misc":{"Escrito por":"produccion@visualpublinet.com","Tiempo de lectura":"2 minutos"},"schema":{"@context":"https:\/\/schema.org","@graph":[{"@type":"Article","@id":"https:\/\/downgalicia.org\/es\/la-fundacion-once-colabora-en-la-inclusion-sociolaboral-de-las-personas-con-sindrome-de-down\/#article","isPartOf":{"@id":"https:\/\/downgalicia.org\/es\/la-fundacion-once-colabora-en-la-inclusion-sociolaboral-de-las-personas-con-sindrome-de-down\/"},"author":{"name":"produccion@visualpublinet.com","@id":"https:\/\/downgalicia.org\/es\/#\/schema\/person\/317730a00185114c76a219b94bddef15"},"headline":"La Fundaci\u00f3n Once colabora en la inclusi\u00f3n sociolaboral de las personas con s\u00edndrome de Down","datePublished":"2013-10-31T10:32:22+00:00","mainEntityOfPage":{"@id":"https:\/\/downgalicia.org\/es\/la-fundacion-once-colabora-en-la-inclusion-sociolaboral-de-las-personas-con-sindrome-de-down\/"},"wordCount":360,"publisher":{"@id":"https:\/\/downgalicia.org\/es\/#organization"},"articleSection":["Down Galicia","Noticias del Movimiento Down"],"inLanguage":"es"},{"@type":"WebPage","@id":"https:\/\/downgalicia.org\/es\/la-fundacion-once-colabora-en-la-inclusion-sociolaboral-de-las-personas-con-sindrome-de-down\/","url":"https:\/\/downgalicia.org\/es\/la-fundacion-once-colabora-en-la-inclusion-sociolaboral-de-las-personas-con-sindrome-de-down\/","name":"La Fundaci\u00f3n Once colabora en la inclusi\u00f3n sociolaboral de las personas con s\u00edndrome de Down &#8226; Federaci\u00f3n Down Galicia","isPartOf":{"@id":"https:\/\/downgalicia.org\/es\/#website"},"datePublished":"2013-10-31T10:32:22+00:00","breadcrumb":{"@id":"https:\/\/downgalicia.org\/es\/la-fundacion-once-colabora-en-la-inclusion-sociolaboral-de-las-personas-con-sindrome-de-down\/#breadcrumb"},"inLanguage":"es","potentialAction":[{"@type":"ReadAction","target":["https:\/\/downgalicia.org\/es\/la-fundacion-once-colabora-en-la-inclusion-sociolaboral-de-las-personas-con-sindrome-de-down\/"]}]},{"@type":"BreadcrumbList","@id":"https:\/\/downgalicia.org\/es\/la-fundacion-once-colabora-en-la-inclusion-sociolaboral-de-las-personas-con-sindrome-de-down\/#breadcrumb","itemListElement":[{"@type":"ListItem","position":1,"name":"Portada","item":"https:\/\/downgalicia.org\/es\/"},{"@type":"ListItem","position":2,"name":"La Fundaci\u00f3n Once colabora en la inclusi\u00f3n sociolaboral de las personas con s\u00edndrome de Down"}]},{"@type":"WebSite","@id":"https:\/\/downgalicia.org\/es\/#website","url":"https:\/\/downgalicia.org\/es\/","name":"Federaci\u00f3n Down Galicia","description":"Apoio a persoas con S\u00edndrome de Down","publisher":{"@id":"https:\/\/downgalicia.org\/es\/#organization"},"potentialAction":[{"@type":"SearchAction","target":{"@type":"EntryPoint","urlTemplate":"https:\/\/downgalicia.org\/es\/?s={search_term_string}"},"query-input":{"@type":"PropertyValueSpecification","valueRequired":true,"valueName":"search_term_string"}}],"inLanguage":"es"},{"@type":"Organization","@id":"https:\/\/downgalicia.org\/es\/#organization","name":"Federaci\u00f3n Down Galicia","url":"https:\/\/downgalicia.org\/es\/","logo":{"@type":"ImageObject","inLanguage":"es","@id":"https:\/\/downgalicia.org\/es\/#\/schema\/logo\/image\/","url":"https:\/\/downgalicia.org\/wp-content\/uploads\/2024\/07\/logo-sindrome-down-color.svg","contentUrl":"https:\/\/downgalicia.org\/wp-content\/uploads\/2024\/07\/logo-sindrome-down-color.svg","width":271,"height":88,"caption":"Federaci\u00f3n Down Galicia"},"image":{"@id":"https:\/\/downgalicia.org\/es\/#\/schema\/logo\/image\/"}},{"@type":"Person","@id":"https:\/\/downgalicia.org\/es\/#\/schema\/person\/317730a00185114c76a219b94bddef15","name":"produccion@visualpublinet.com","image":{"@type":"ImageObject","inLanguage":"es","@id":"https:\/\/downgalicia.org\/es\/#\/schema\/person\/image\/","url":"https:\/\/secure.gravatar.com\/avatar\/282ee20c78c1b1137175d4ab9f75785d8c239d499b1376df3ba16efa213b7b10?s=96&d=mm&r=g","contentUrl":"https:\/\/secure.gravatar.com\/avatar\/282ee20c78c1b1137175d4ab9f75785d8c239d499b1376df3ba16efa213b7b10?s=96&d=mm&r=g","caption":"produccion@visualpublinet.com"},"sameAs":["https:\/\/downgalicia.org"],"url":"https:\/\/downgalicia.org\/es\/author\/produccionvisualpublinet-com\/"}]}},"_links":{"self":[{"href":"https:\/\/downgalicia.org\/es\/wp-json\/wp\/v2\/posts\/8482","targetHints":{"allow":["GET"]}}],"collection":[{"href":"https:\/\/downgalicia.org\/es\/wp-json\/wp\/v2\/posts"}],"about":[{"href":"https:\/\/downgalicia.org\/es\/wp-json\/wp\/v2\/types\/post"}],"author":[{"embeddable":true,"href":"https:\/\/downgalicia.org\/es\/wp-json\/wp\/v2\/users\/1"}],"replies":[{"embeddable":true,"href":"https:\/\/downgalicia.org\/es\/wp-json\/wp\/v2\/comments?post=8482"}],"version-history":[{"count":0,"href":"https:\/\/downgalicia.org\/es\/wp-json\/wp\/v2\/posts\/8482\/revisions"}],"wp:attachment":[{"href":"https:\/\/downgalicia.org\/es\/wp-json\/wp\/v2\/media?parent=8482"}],"wp:term":[{"taxonomy":"category","embeddable":true,"href":"https:\/\/downgalicia.org\/es\/wp-json\/wp\/v2\/categories?post=8482"},{"taxonomy":"post_tag","embeddable":true,"href":"https:\/\/downgalicia.org\/es\/wp-json\/wp\/v2\/tags?post=8482"}],"curies":[{"name":"wp","href":"https:\/\/api.w.org\/{rel}","templated":true}]}}