{"id":8522,"date":"2013-09-12T11:54:13","date_gmt":"2013-09-12T09:54:13","guid":{"rendered":"http:\/\/downgalicia.org.136-144-253-96.136-144-253-96.visualpublinet.com\/los-baristas-de-down-compostela-demuestran-sus-habilidades-ante-la-prensa\/"},"modified":"2013-09-12T11:54:13","modified_gmt":"2013-09-12T09:54:13","slug":"los-baristas-de-down-compostela-demuestran-sus-habilidades-ante-la-prensa","status":"publish","type":"post","link":"https:\/\/downgalicia.org\/es\/los-baristas-de-down-compostela-demuestran-sus-habilidades-ante-la-prensa\/","title":{"rendered":"Los baristas de Down Compostela demuestran sus habilidades ante la prensa"},"content":{"rendered":"<p>Nueve j\u00f3venes de Down Compostela, divididos en dos equipos, demostraron esta ma\u00f1ana sus habilidades como baristas ante los medios de comunicaci\u00f3n. En este encuentro con la prensa, los participantes realizaron un \u201csimulacro\u201d de la competici\u00f3n que realizar\u00e1n el pr\u00f3ximo domingo en el Pazo de Lestrove, donde se celebrar\u00e1 el II Campeonato de Baristas dirigido a personas con s\u00edndrome de Down.<\/p>\n<p>Durante la demostraci\u00f3n se pudo apreciar c\u00f3mo se organiza el trabajo de los equipos participantes. Las tareas se dividen entre un presentador, encargado de informar a los asistentes del tipo de caf\u00e9s que iban preparando sus compa\u00f1eros as\u00ed como sus cualidades. Por turnos, cada participante realizaba un caf\u00e9 diferente -expresso, capuccino, y combinado de caf\u00e9-, sin olvidar su correspondiente decoraci\u00f3n y presentaci\u00f3n. Por \u00faltimo una persona de cada equipo, se encarga de presentarlo ante el jurado. Un trabajo de coordinaci\u00f3n, precisi\u00f3n y motivaci\u00f3n para alzarse con el primer puesto en la final.<\/p>\n<p>Tras una formaci\u00f3n de cinco d\u00edas a cargo de Cafento, organizadora del evento, tanto en Santiago de Compostela como en Vigo, los cuatro equipos -2 de Down Compostela y 2 de Down Vigo- competir\u00e1n entre s\u00ed el domingo 15 de setiembre a las 12:00 de la ma\u00f1ana en el Pazo de Lestrove, en Padr\u00f3n.\u00a0 Los integrantes del equipo vencedor recibir\u00e1n como premio la realizaci\u00f3n de pr\u00e1cticas de trabajo en los principales hoteles de Santiago de Compostela y Vigo que, de esta manera, contribuir\u00e1n a la inserci\u00f3n socio-laboral de las personas con s\u00edndrome de Down.<\/p>\n<p>Los establecimientos compostelanos que apoyan la iniciativa son los hoteles: AC Palacio del Carmen, A Tafona do Peregrino, Hostal dos Reis Cat\u00f3licos, NH Obradoiro, Puerta del Camino, San Lorenzo y Tryp Santiago.<\/p>\n<p>Tanto los cursos como el campeonato son organizados por Cafento, la Fundaci\u00f3n Down Compostela, la Asociaci\u00f3n Down Vigo, la Asociaci\u00f3n Hosteler\u00eda de Compostela y Pousadas de Compostela.<\/p>\n<p>El curso de Compostela se desarrolla en las instalaciones de Cafento (Pol. do Tambre, V\u00eda Faraday, 22) y es impartido por Diego L\u00f3pez, asesor barista de Cafento y formador barista homologado por el F\u00f3rum del Caf\u00e9. El curso de Vigo se est\u00e1 desarrollando en las instalaciones del CIFP Policarpo D\u00edaz<\/p>\n<p><b>Equipos participantes<\/b><\/p>\n<p><b>Equipo Latte Art. Down Compostela<\/b><\/p>\n<ul>\n<li>Alexandro Lado<\/li>\n<li>Dani Mart\u00ednez<\/li>\n<li>Dani L\u00f3pez<\/li>\n<li>El\u00edas Ledo<\/li>\n<\/ul>\n<p>&nbsp;<\/p>\n<p><b>Equipo Capuccino. Down Compostela<\/b><\/p>\n<ul>\n<li>Yasmin Mal\u00e1s<\/li>\n<li>Cristina Feire<\/li>\n<li>Juan Carlos Casti\u00f1eiras<\/li>\n<li>Manuel Otero<\/li>\n<li>\u00c1lvaro D\u00edez<\/li>\n<\/ul>\n<p>&nbsp;<\/p>\n<p><b>Equipo 1. Down Vigo<\/b><\/p>\n<ul>\n<li>Lara paula G\u00f3mez<\/li>\n<li>Almudena Gesto<\/li>\n<li>Roberto Roque<\/li>\n<li>Victoria Gir\u00e1ldez<\/li>\n<li>Pilar Troncoso<\/li>\n<li>Sonsoles Cou\u00f1ago<\/li>\n<\/ul>\n<p><b>\u00a0<\/b><\/p>\n<p><b>Equipo 2. Down Vigo<\/b><\/p>\n<ul>\n<li>Alba P\u00e9rez<\/li>\n<li>Patricia Cancelas<\/li>\n<li>Daniel L\u00f3pez<\/li>\n<li>V\u00edctor Mart\u00ednez<\/li>\n<li>Iv\u00e1n Gir\u00e1ldez<\/li>\n<li>Iago Gonz\u00e1lez<\/li>\n<\/ul>\n<p>&nbsp;<\/p>\n","protected":false},"excerpt":{"rendered":"<p>Nueve j\u00f3venes de Down Compostela, divididos en dos equipos, demostraron esta ma\u00f1ana sus habilidades como baristas ante los medios de comunicaci\u00f3n. En este encuentro con la prensa, los participantes realizaron un \u201csimulacro\u201d de la competici\u00f3n que realizar\u00e1n el pr\u00f3ximo domingo&#8230;<\/p>\n","protected":false},"author":1,"featured_media":0,"comment_status":"closed","ping_status":"closed","sticky":false,"template":"","format":"standard","meta":{"_acf_changed":false,"give_campaign_id":0,"footnotes":""},"categories":[134,128,71],"tags":[],"class_list":["post-8522","post","type-post","status-publish","format-standard","hentry","category-down-compostela-hemeroteca-es","category-down-vigo-hemeroteca-es","category-noticias-sindrome-de-down-es"],"acf":[],"yoast_head":"<!-- This site is optimized with the Yoast SEO plugin v25.3.1 - https:\/\/yoast.com\/wordpress\/plugins\/seo\/ -->\n<title>Los baristas de Down Compostela demuestran sus habilidades ante la prensa &#8226; Federaci\u00f3n Down Galicia<\/title>\n<meta name=\"robots\" content=\"index, follow, max-snippet:-1, max-image-preview:large, max-video-preview:-1\" \/>\n<link rel=\"canonical\" href=\"https:\/\/downgalicia.org\/es\/los-baristas-de-down-compostela-demuestran-sus-habilidades-ante-la-prensa\/\" \/>\n<meta property=\"og:locale\" content=\"es_ES\" \/>\n<meta property=\"og:type\" content=\"article\" \/>\n<meta property=\"og:title\" content=\"Los baristas de Down Compostela demuestran sus habilidades ante la prensa &#8226; Federaci\u00f3n Down Galicia\" \/>\n<meta property=\"og:description\" content=\"Nueve j\u00f3venes de Down Compostela, divididos en dos equipos, demostraron esta ma\u00f1ana sus habilidades como baristas ante los medios de comunicaci\u00f3n. En este encuentro con la prensa, los participantes realizaron un \u201csimulacro\u201d de la competici\u00f3n que realizar\u00e1n el pr\u00f3ximo domingo...\" \/>\n<meta property=\"og:url\" content=\"https:\/\/downgalicia.org\/es\/los-baristas-de-down-compostela-demuestran-sus-habilidades-ante-la-prensa\/\" \/>\n<meta property=\"og:site_name\" content=\"Federaci\u00f3n Down Galicia\" \/>\n<meta property=\"article:published_time\" content=\"2013-09-12T09:54:13+00:00\" \/>\n<meta name=\"author\" content=\"produccion@visualpublinet.com\" \/>\n<meta name=\"twitter:card\" content=\"summary_large_image\" \/>\n<meta name=\"twitter:label1\" content=\"Escrito por\" \/>\n\t<meta name=\"twitter:data1\" content=\"produccion@visualpublinet.com\" \/>\n\t<meta name=\"twitter:label2\" content=\"Tiempo de lectura\" \/>\n\t<meta name=\"twitter:data2\" content=\"2 minutos\" \/>\n<script type=\"application\/ld+json\" class=\"yoast-schema-graph\">{\"@context\":\"https:\/\/schema.org\",\"@graph\":[{\"@type\":\"Article\",\"@id\":\"https:\/\/downgalicia.org\/es\/los-baristas-de-down-compostela-demuestran-sus-habilidades-ante-la-prensa\/#article\",\"isPartOf\":{\"@id\":\"https:\/\/downgalicia.org\/es\/los-baristas-de-down-compostela-demuestran-sus-habilidades-ante-la-prensa\/\"},\"author\":{\"name\":\"produccion@visualpublinet.com\",\"@id\":\"https:\/\/downgalicia.org\/es\/#\/schema\/person\/317730a00185114c76a219b94bddef15\"},\"headline\":\"Los baristas de Down Compostela demuestran sus habilidades ante la prensa\",\"datePublished\":\"2013-09-12T09:54:13+00:00\",\"mainEntityOfPage\":{\"@id\":\"https:\/\/downgalicia.org\/es\/los-baristas-de-down-compostela-demuestran-sus-habilidades-ante-la-prensa\/\"},\"wordCount\":479,\"publisher\":{\"@id\":\"https:\/\/downgalicia.org\/es\/#organization\"},\"articleSection\":[\"Down Compostela\",\"Down Vigo\",\"Noticias del Movimiento Down\"],\"inLanguage\":\"es\"},{\"@type\":\"WebPage\",\"@id\":\"https:\/\/downgalicia.org\/es\/los-baristas-de-down-compostela-demuestran-sus-habilidades-ante-la-prensa\/\",\"url\":\"https:\/\/downgalicia.org\/es\/los-baristas-de-down-compostela-demuestran-sus-habilidades-ante-la-prensa\/\",\"name\":\"Los baristas de Down Compostela demuestran sus habilidades ante la prensa &#8226; Federaci\u00f3n Down Galicia\",\"isPartOf\":{\"@id\":\"https:\/\/downgalicia.org\/es\/#website\"},\"datePublished\":\"2013-09-12T09:54:13+00:00\",\"breadcrumb\":{\"@id\":\"https:\/\/downgalicia.org\/es\/los-baristas-de-down-compostela-demuestran-sus-habilidades-ante-la-prensa\/#breadcrumb\"},\"inLanguage\":\"es\",\"potentialAction\":[{\"@type\":\"ReadAction\",\"target\":[\"https:\/\/downgalicia.org\/es\/los-baristas-de-down-compostela-demuestran-sus-habilidades-ante-la-prensa\/\"]}]},{\"@type\":\"BreadcrumbList\",\"@id\":\"https:\/\/downgalicia.org\/es\/los-baristas-de-down-compostela-demuestran-sus-habilidades-ante-la-prensa\/#breadcrumb\",\"itemListElement\":[{\"@type\":\"ListItem\",\"position\":1,\"name\":\"Portada\",\"item\":\"https:\/\/downgalicia.org\/es\/\"},{\"@type\":\"ListItem\",\"position\":2,\"name\":\"Los baristas de Down Compostela demuestran sus habilidades ante la prensa\"}]},{\"@type\":\"WebSite\",\"@id\":\"https:\/\/downgalicia.org\/es\/#website\",\"url\":\"https:\/\/downgalicia.org\/es\/\",\"name\":\"Federaci\u00f3n Down Galicia\",\"description\":\"Apoio a persoas con S\u00edndrome de Down\",\"publisher\":{\"@id\":\"https:\/\/downgalicia.org\/es\/#organization\"},\"potentialAction\":[{\"@type\":\"SearchAction\",\"target\":{\"@type\":\"EntryPoint\",\"urlTemplate\":\"https:\/\/downgalicia.org\/es\/?s={search_term_string}\"},\"query-input\":{\"@type\":\"PropertyValueSpecification\",\"valueRequired\":true,\"valueName\":\"search_term_string\"}}],\"inLanguage\":\"es\"},{\"@type\":\"Organization\",\"@id\":\"https:\/\/downgalicia.org\/es\/#organization\",\"name\":\"Federaci\u00f3n Down Galicia\",\"url\":\"https:\/\/downgalicia.org\/es\/\",\"logo\":{\"@type\":\"ImageObject\",\"inLanguage\":\"es\",\"@id\":\"https:\/\/downgalicia.org\/es\/#\/schema\/logo\/image\/\",\"url\":\"https:\/\/downgalicia.org\/wp-content\/uploads\/2024\/07\/logo-sindrome-down-color.svg\",\"contentUrl\":\"https:\/\/downgalicia.org\/wp-content\/uploads\/2024\/07\/logo-sindrome-down-color.svg\",\"width\":271,\"height\":88,\"caption\":\"Federaci\u00f3n Down Galicia\"},\"image\":{\"@id\":\"https:\/\/downgalicia.org\/es\/#\/schema\/logo\/image\/\"}},{\"@type\":\"Person\",\"@id\":\"https:\/\/downgalicia.org\/es\/#\/schema\/person\/317730a00185114c76a219b94bddef15\",\"name\":\"produccion@visualpublinet.com\",\"image\":{\"@type\":\"ImageObject\",\"inLanguage\":\"es\",\"@id\":\"https:\/\/downgalicia.org\/es\/#\/schema\/person\/image\/\",\"url\":\"https:\/\/secure.gravatar.com\/avatar\/282ee20c78c1b1137175d4ab9f75785d8c239d499b1376df3ba16efa213b7b10?s=96&d=mm&r=g\",\"contentUrl\":\"https:\/\/secure.gravatar.com\/avatar\/282ee20c78c1b1137175d4ab9f75785d8c239d499b1376df3ba16efa213b7b10?s=96&d=mm&r=g\",\"caption\":\"produccion@visualpublinet.com\"},\"sameAs\":[\"https:\/\/downgalicia.org\"],\"url\":\"https:\/\/downgalicia.org\/es\/author\/produccionvisualpublinet-com\/\"}]}<\/script>\n<!-- \/ Yoast SEO plugin. -->","yoast_head_json":{"title":"Los baristas de Down Compostela demuestran sus habilidades ante la prensa &#8226; Federaci\u00f3n Down Galicia","robots":{"index":"index","follow":"follow","max-snippet":"max-snippet:-1","max-image-preview":"max-image-preview:large","max-video-preview":"max-video-preview:-1"},"canonical":"https:\/\/downgalicia.org\/es\/los-baristas-de-down-compostela-demuestran-sus-habilidades-ante-la-prensa\/","og_locale":"es_ES","og_type":"article","og_title":"Los baristas de Down Compostela demuestran sus habilidades ante la prensa &#8226; Federaci\u00f3n Down Galicia","og_description":"Nueve j\u00f3venes de Down Compostela, divididos en dos equipos, demostraron esta ma\u00f1ana sus habilidades como baristas ante los medios de comunicaci\u00f3n. En este encuentro con la prensa, los participantes realizaron un \u201csimulacro\u201d de la competici\u00f3n que realizar\u00e1n el pr\u00f3ximo domingo...","og_url":"https:\/\/downgalicia.org\/es\/los-baristas-de-down-compostela-demuestran-sus-habilidades-ante-la-prensa\/","og_site_name":"Federaci\u00f3n Down Galicia","article_published_time":"2013-09-12T09:54:13+00:00","author":"produccion@visualpublinet.com","twitter_card":"summary_large_image","twitter_misc":{"Escrito por":"produccion@visualpublinet.com","Tiempo de lectura":"2 minutos"},"schema":{"@context":"https:\/\/schema.org","@graph":[{"@type":"Article","@id":"https:\/\/downgalicia.org\/es\/los-baristas-de-down-compostela-demuestran-sus-habilidades-ante-la-prensa\/#article","isPartOf":{"@id":"https:\/\/downgalicia.org\/es\/los-baristas-de-down-compostela-demuestran-sus-habilidades-ante-la-prensa\/"},"author":{"name":"produccion@visualpublinet.com","@id":"https:\/\/downgalicia.org\/es\/#\/schema\/person\/317730a00185114c76a219b94bddef15"},"headline":"Los baristas de Down Compostela demuestran sus habilidades ante la prensa","datePublished":"2013-09-12T09:54:13+00:00","mainEntityOfPage":{"@id":"https:\/\/downgalicia.org\/es\/los-baristas-de-down-compostela-demuestran-sus-habilidades-ante-la-prensa\/"},"wordCount":479,"publisher":{"@id":"https:\/\/downgalicia.org\/es\/#organization"},"articleSection":["Down Compostela","Down Vigo","Noticias del Movimiento Down"],"inLanguage":"es"},{"@type":"WebPage","@id":"https:\/\/downgalicia.org\/es\/los-baristas-de-down-compostela-demuestran-sus-habilidades-ante-la-prensa\/","url":"https:\/\/downgalicia.org\/es\/los-baristas-de-down-compostela-demuestran-sus-habilidades-ante-la-prensa\/","name":"Los baristas de Down Compostela demuestran sus habilidades ante la prensa &#8226; Federaci\u00f3n Down Galicia","isPartOf":{"@id":"https:\/\/downgalicia.org\/es\/#website"},"datePublished":"2013-09-12T09:54:13+00:00","breadcrumb":{"@id":"https:\/\/downgalicia.org\/es\/los-baristas-de-down-compostela-demuestran-sus-habilidades-ante-la-prensa\/#breadcrumb"},"inLanguage":"es","potentialAction":[{"@type":"ReadAction","target":["https:\/\/downgalicia.org\/es\/los-baristas-de-down-compostela-demuestran-sus-habilidades-ante-la-prensa\/"]}]},{"@type":"BreadcrumbList","@id":"https:\/\/downgalicia.org\/es\/los-baristas-de-down-compostela-demuestran-sus-habilidades-ante-la-prensa\/#breadcrumb","itemListElement":[{"@type":"ListItem","position":1,"name":"Portada","item":"https:\/\/downgalicia.org\/es\/"},{"@type":"ListItem","position":2,"name":"Los baristas de Down Compostela demuestran sus habilidades ante la prensa"}]},{"@type":"WebSite","@id":"https:\/\/downgalicia.org\/es\/#website","url":"https:\/\/downgalicia.org\/es\/","name":"Federaci\u00f3n Down Galicia","description":"Apoio a persoas con S\u00edndrome de Down","publisher":{"@id":"https:\/\/downgalicia.org\/es\/#organization"},"potentialAction":[{"@type":"SearchAction","target":{"@type":"EntryPoint","urlTemplate":"https:\/\/downgalicia.org\/es\/?s={search_term_string}"},"query-input":{"@type":"PropertyValueSpecification","valueRequired":true,"valueName":"search_term_string"}}],"inLanguage":"es"},{"@type":"Organization","@id":"https:\/\/downgalicia.org\/es\/#organization","name":"Federaci\u00f3n Down Galicia","url":"https:\/\/downgalicia.org\/es\/","logo":{"@type":"ImageObject","inLanguage":"es","@id":"https:\/\/downgalicia.org\/es\/#\/schema\/logo\/image\/","url":"https:\/\/downgalicia.org\/wp-content\/uploads\/2024\/07\/logo-sindrome-down-color.svg","contentUrl":"https:\/\/downgalicia.org\/wp-content\/uploads\/2024\/07\/logo-sindrome-down-color.svg","width":271,"height":88,"caption":"Federaci\u00f3n Down Galicia"},"image":{"@id":"https:\/\/downgalicia.org\/es\/#\/schema\/logo\/image\/"}},{"@type":"Person","@id":"https:\/\/downgalicia.org\/es\/#\/schema\/person\/317730a00185114c76a219b94bddef15","name":"produccion@visualpublinet.com","image":{"@type":"ImageObject","inLanguage":"es","@id":"https:\/\/downgalicia.org\/es\/#\/schema\/person\/image\/","url":"https:\/\/secure.gravatar.com\/avatar\/282ee20c78c1b1137175d4ab9f75785d8c239d499b1376df3ba16efa213b7b10?s=96&d=mm&r=g","contentUrl":"https:\/\/secure.gravatar.com\/avatar\/282ee20c78c1b1137175d4ab9f75785d8c239d499b1376df3ba16efa213b7b10?s=96&d=mm&r=g","caption":"produccion@visualpublinet.com"},"sameAs":["https:\/\/downgalicia.org"],"url":"https:\/\/downgalicia.org\/es\/author\/produccionvisualpublinet-com\/"}]}},"_links":{"self":[{"href":"https:\/\/downgalicia.org\/es\/wp-json\/wp\/v2\/posts\/8522","targetHints":{"allow":["GET"]}}],"collection":[{"href":"https:\/\/downgalicia.org\/es\/wp-json\/wp\/v2\/posts"}],"about":[{"href":"https:\/\/downgalicia.org\/es\/wp-json\/wp\/v2\/types\/post"}],"author":[{"embeddable":true,"href":"https:\/\/downgalicia.org\/es\/wp-json\/wp\/v2\/users\/1"}],"replies":[{"embeddable":true,"href":"https:\/\/downgalicia.org\/es\/wp-json\/wp\/v2\/comments?post=8522"}],"version-history":[{"count":0,"href":"https:\/\/downgalicia.org\/es\/wp-json\/wp\/v2\/posts\/8522\/revisions"}],"wp:attachment":[{"href":"https:\/\/downgalicia.org\/es\/wp-json\/wp\/v2\/media?parent=8522"}],"wp:term":[{"taxonomy":"category","embeddable":true,"href":"https:\/\/downgalicia.org\/es\/wp-json\/wp\/v2\/categories?post=8522"},{"taxonomy":"post_tag","embeddable":true,"href":"https:\/\/downgalicia.org\/es\/wp-json\/wp\/v2\/tags?post=8522"}],"curies":[{"name":"wp","href":"https:\/\/api.w.org\/{rel}","templated":true}]}}