{"id":8526,"date":"2013-09-10T09:12:34","date_gmt":"2013-09-10T07:12:34","guid":{"rendered":"http:\/\/downgalicia.org.136-144-253-96.136-144-253-96.visualpublinet.com\/abierto-el-plazo-para-solicitar-becas-para-alumnado-con-necesidades-educativas-especiales\/"},"modified":"2013-09-10T09:12:34","modified_gmt":"2013-09-10T07:12:34","slug":"abierto-el-plazo-para-solicitar-becas-para-alumnado-con-necesidades-educativas-especiales","status":"publish","type":"post","link":"https:\/\/downgalicia.org\/es\/abierto-el-plazo-para-solicitar-becas-para-alumnado-con-necesidades-educativas-especiales\/","title":{"rendered":"Abierto el plazo para solicitar becas para alumnado con necesidades educativas especiales"},"content":{"rendered":"<p>El Ministerio de Educaci\u00f3n otorga ayudas para garantizar que ning\u00fan estudiante con discapacidad que necesite apoyos espec\u00edficos abandone sus estudios por motivos econ\u00f3micos.<\/p>\n<table summary=\" \" border=\"0\" cellspacing=\"0\" cellpadding=\"0\">\n<tbody>\n<tr>\n<td><\/td>\n<\/tr>\n<\/tbody>\n<\/table>\n<p>El alumnado que presente necesidades educativas especiales derivadas de discapacidad, o trastorno de conducta grave, podr\u00e1 obtener las ayudas o subsidios cuando re\u00fana los siguientes requisitos:<\/p>\n<p><b>1. Acreditar su necesidad educativa especial<\/b>.<\/p>\n<p><b>2. Tener cumplidos dos a\u00f1os de edad<\/b> a 31 de diciembre de 2012. Excepcionalmente, podr\u00e1n concederse ayudas a alumnos menores de dos a\u00f1os siempre que los equipos correspondientes certifiquen la necesidad de escolarizaci\u00f3n m\u00e1s temprana por raz\u00f3n de las caracter\u00edsticas de la discapacidad.<\/p>\n<p><b>3. Estar escolarizado en centro espec\u00edfico, en unidad de educaci\u00f3n especial de centro ordinario o en centro ordinario<\/b>.<\/p>\n<p><b>4. Estar cursando alguno de los siguientes niveles educativos:<\/b><\/p>\n<ul>\n<li>Educaci\u00f3n Infantil.<\/li>\n<li>Educaci\u00f3n Primaria.<\/li>\n<li>Educaci\u00f3n Secundaria Obligatoria.<\/li>\n<li>Bachillerato.<\/li>\n<li>Ciclos formativos de grado medio y superior.<\/li>\n<li>Ense\u00f1anzas art\u00edsticas profesionales.<\/li>\n<li>Programas destinados a la obtenci\u00f3n de una cualificaci\u00f3n profesional inicial.<\/li>\n<li>Programas de formaci\u00f3n para la transici\u00f3n a la vida adulta.<\/li>\n<\/ul>\n<p>Adem\u00e1s, se ofrece la oportunidad de conseguir un subsidio adicional por discapacidad en los casos de familias numerosas.<\/p>\n<p>Solicitudes y documentaci\u00f3n a presentar<\/p>\n<p>Las solicitudes tanto de ayuda como de subsidio deber\u00e1n cumplimentarse mediante el formulario accesible en la direcci\u00f3n <a title=\"www.mecd.gob.es\" href=\"http:\/\/www.mecd.gob.es\" target=\"_blank\">www.mecd.gob.es<\/a> o a trav\u00e9s de la sede electr\u00f3nica del Ministerio de Educaci\u00f3n, Cultura y Deporte en la direcci\u00f3n <a title=\"https:\/\/sede.educacion.gob.es\" href=\"http:\/\/https:\/sede.educacion.gob.es\" target=\"_blank\">sede.educacion.gob.es<\/a> en el apartado correspondiente a \u00abTr\u00e1mites y Servicios\u00bb.<\/p>\n<p>Una vez cumplimentada la solicitud telem\u00e1tica, si el solicitante tiene firma electr\u00f3nica podr\u00e1 completar el proceso acompa\u00f1ando en formato pdf (escaneado) la documentaci\u00f3n que le sea requerida por la propia aplicaci\u00f3n.<\/p>\n<p>Si el solicitante no tiene firma electr\u00f3nica, una vez cumplimentada la solicitud telem\u00e1tica deber\u00e1 imprimir el modelo de solicitud en fichero pdf y presentarlo con su firma y las de los dem\u00e1s miembros computables de la familia en el centro docente en el que vayan a seguir los estudios durante el curso acad\u00e9mico 2013-2014.<\/p>\n<p><b>El plazo de presentaci\u00f3n de solicitudes finaliza el 30 de septiembre de 2013<\/b>.<\/p>\n<p>Toda la informaci\u00f3n sobre las becas, publicada en BOE 198, de 19 de agosto de 2013, (p\u00e1ginas 61.056 a 61.069) <a title=\"Becas\" href=\"http:\/\/www.boe.es\/diario_boe\/txt.php?id=BOE-A-2013-9040\" target=\"_blank\">puede consultarse en este enlace<\/a>.<\/p>\n","protected":false},"excerpt":{"rendered":"<p>El Ministerio de Educaci\u00f3n otorga ayudas para garantizar que ning\u00fan estudiante con discapacidad que necesite apoyos espec\u00edficos abandone sus estudios por motivos econ\u00f3micos. El alumnado que presente necesidades educativas especiales derivadas de discapacidad, o trastorno de conducta grave, podr\u00e1 obtener&#8230;<\/p>\n","protected":false},"author":1,"featured_media":0,"comment_status":"closed","ping_status":"closed","sticky":false,"template":"","format":"standard","meta":{"_acf_changed":false,"give_campaign_id":0,"footnotes":""},"categories":[129,71],"tags":[],"class_list":["post-8526","post","type-post","status-publish","format-standard","hentry","category-down-galicia-hemeroteca-es","category-noticias-sindrome-de-down-es"],"acf":[],"yoast_head":"<!-- This site is optimized with the Yoast SEO plugin v25.3.1 - https:\/\/yoast.com\/wordpress\/plugins\/seo\/ -->\n<title>Abierto el plazo para solicitar becas para alumnado con necesidades educativas especiales &#8226; Federaci\u00f3n Down Galicia<\/title>\n<meta name=\"robots\" content=\"index, follow, max-snippet:-1, max-image-preview:large, max-video-preview:-1\" \/>\n<link rel=\"canonical\" href=\"https:\/\/downgalicia.org\/es\/abierto-el-plazo-para-solicitar-becas-para-alumnado-con-necesidades-educativas-especiales\/\" \/>\n<meta property=\"og:locale\" content=\"es_ES\" \/>\n<meta property=\"og:type\" content=\"article\" \/>\n<meta property=\"og:title\" content=\"Abierto el plazo para solicitar becas para alumnado con necesidades educativas especiales &#8226; Federaci\u00f3n Down Galicia\" \/>\n<meta property=\"og:description\" content=\"El Ministerio de Educaci\u00f3n otorga ayudas para garantizar que ning\u00fan estudiante con discapacidad que necesite apoyos espec\u00edficos abandone sus estudios por motivos econ\u00f3micos. El alumnado que presente necesidades educativas especiales derivadas de discapacidad, o trastorno de conducta grave, podr\u00e1 obtener...\" \/>\n<meta property=\"og:url\" content=\"https:\/\/downgalicia.org\/es\/abierto-el-plazo-para-solicitar-becas-para-alumnado-con-necesidades-educativas-especiales\/\" \/>\n<meta property=\"og:site_name\" content=\"Federaci\u00f3n Down Galicia\" \/>\n<meta property=\"article:published_time\" content=\"2013-09-10T07:12:34+00:00\" \/>\n<meta name=\"author\" content=\"produccion@visualpublinet.com\" \/>\n<meta name=\"twitter:card\" content=\"summary_large_image\" \/>\n<meta name=\"twitter:label1\" content=\"Escrito por\" \/>\n\t<meta name=\"twitter:data1\" content=\"produccion@visualpublinet.com\" \/>\n\t<meta name=\"twitter:label2\" content=\"Tiempo de lectura\" \/>\n\t<meta name=\"twitter:data2\" content=\"2 minutos\" \/>\n<script type=\"application\/ld+json\" class=\"yoast-schema-graph\">{\"@context\":\"https:\/\/schema.org\",\"@graph\":[{\"@type\":\"Article\",\"@id\":\"https:\/\/downgalicia.org\/es\/abierto-el-plazo-para-solicitar-becas-para-alumnado-con-necesidades-educativas-especiales\/#article\",\"isPartOf\":{\"@id\":\"https:\/\/downgalicia.org\/es\/abierto-el-plazo-para-solicitar-becas-para-alumnado-con-necesidades-educativas-especiales\/\"},\"author\":{\"name\":\"produccion@visualpublinet.com\",\"@id\":\"https:\/\/downgalicia.org\/es\/#\/schema\/person\/317730a00185114c76a219b94bddef15\"},\"headline\":\"Abierto el plazo para solicitar becas para alumnado con necesidades educativas especiales\",\"datePublished\":\"2013-09-10T07:12:34+00:00\",\"mainEntityOfPage\":{\"@id\":\"https:\/\/downgalicia.org\/es\/abierto-el-plazo-para-solicitar-becas-para-alumnado-con-necesidades-educativas-especiales\/\"},\"wordCount\":402,\"publisher\":{\"@id\":\"https:\/\/downgalicia.org\/es\/#organization\"},\"articleSection\":[\"Down Galicia\",\"Noticias del Movimiento Down\"],\"inLanguage\":\"es\"},{\"@type\":\"WebPage\",\"@id\":\"https:\/\/downgalicia.org\/es\/abierto-el-plazo-para-solicitar-becas-para-alumnado-con-necesidades-educativas-especiales\/\",\"url\":\"https:\/\/downgalicia.org\/es\/abierto-el-plazo-para-solicitar-becas-para-alumnado-con-necesidades-educativas-especiales\/\",\"name\":\"Abierto el plazo para solicitar becas para alumnado con necesidades educativas especiales &#8226; Federaci\u00f3n Down Galicia\",\"isPartOf\":{\"@id\":\"https:\/\/downgalicia.org\/es\/#website\"},\"datePublished\":\"2013-09-10T07:12:34+00:00\",\"breadcrumb\":{\"@id\":\"https:\/\/downgalicia.org\/es\/abierto-el-plazo-para-solicitar-becas-para-alumnado-con-necesidades-educativas-especiales\/#breadcrumb\"},\"inLanguage\":\"es\",\"potentialAction\":[{\"@type\":\"ReadAction\",\"target\":[\"https:\/\/downgalicia.org\/es\/abierto-el-plazo-para-solicitar-becas-para-alumnado-con-necesidades-educativas-especiales\/\"]}]},{\"@type\":\"BreadcrumbList\",\"@id\":\"https:\/\/downgalicia.org\/es\/abierto-el-plazo-para-solicitar-becas-para-alumnado-con-necesidades-educativas-especiales\/#breadcrumb\",\"itemListElement\":[{\"@type\":\"ListItem\",\"position\":1,\"name\":\"Portada\",\"item\":\"https:\/\/downgalicia.org\/es\/\"},{\"@type\":\"ListItem\",\"position\":2,\"name\":\"Abierto el plazo para solicitar becas para alumnado con necesidades educativas especiales\"}]},{\"@type\":\"WebSite\",\"@id\":\"https:\/\/downgalicia.org\/es\/#website\",\"url\":\"https:\/\/downgalicia.org\/es\/\",\"name\":\"Federaci\u00f3n Down Galicia\",\"description\":\"Apoio a persoas con S\u00edndrome de Down\",\"publisher\":{\"@id\":\"https:\/\/downgalicia.org\/es\/#organization\"},\"potentialAction\":[{\"@type\":\"SearchAction\",\"target\":{\"@type\":\"EntryPoint\",\"urlTemplate\":\"https:\/\/downgalicia.org\/es\/?s={search_term_string}\"},\"query-input\":{\"@type\":\"PropertyValueSpecification\",\"valueRequired\":true,\"valueName\":\"search_term_string\"}}],\"inLanguage\":\"es\"},{\"@type\":\"Organization\",\"@id\":\"https:\/\/downgalicia.org\/es\/#organization\",\"name\":\"Federaci\u00f3n Down Galicia\",\"url\":\"https:\/\/downgalicia.org\/es\/\",\"logo\":{\"@type\":\"ImageObject\",\"inLanguage\":\"es\",\"@id\":\"https:\/\/downgalicia.org\/es\/#\/schema\/logo\/image\/\",\"url\":\"https:\/\/downgalicia.org\/wp-content\/uploads\/2024\/07\/logo-sindrome-down-color.svg\",\"contentUrl\":\"https:\/\/downgalicia.org\/wp-content\/uploads\/2024\/07\/logo-sindrome-down-color.svg\",\"width\":271,\"height\":88,\"caption\":\"Federaci\u00f3n Down Galicia\"},\"image\":{\"@id\":\"https:\/\/downgalicia.org\/es\/#\/schema\/logo\/image\/\"}},{\"@type\":\"Person\",\"@id\":\"https:\/\/downgalicia.org\/es\/#\/schema\/person\/317730a00185114c76a219b94bddef15\",\"name\":\"produccion@visualpublinet.com\",\"image\":{\"@type\":\"ImageObject\",\"inLanguage\":\"es\",\"@id\":\"https:\/\/downgalicia.org\/es\/#\/schema\/person\/image\/\",\"url\":\"https:\/\/secure.gravatar.com\/avatar\/282ee20c78c1b1137175d4ab9f75785d8c239d499b1376df3ba16efa213b7b10?s=96&d=mm&r=g\",\"contentUrl\":\"https:\/\/secure.gravatar.com\/avatar\/282ee20c78c1b1137175d4ab9f75785d8c239d499b1376df3ba16efa213b7b10?s=96&d=mm&r=g\",\"caption\":\"produccion@visualpublinet.com\"},\"sameAs\":[\"https:\/\/downgalicia.org\"],\"url\":\"https:\/\/downgalicia.org\/es\/author\/produccionvisualpublinet-com\/\"}]}<\/script>\n<!-- \/ Yoast SEO plugin. -->","yoast_head_json":{"title":"Abierto el plazo para solicitar becas para alumnado con necesidades educativas especiales &#8226; Federaci\u00f3n Down Galicia","robots":{"index":"index","follow":"follow","max-snippet":"max-snippet:-1","max-image-preview":"max-image-preview:large","max-video-preview":"max-video-preview:-1"},"canonical":"https:\/\/downgalicia.org\/es\/abierto-el-plazo-para-solicitar-becas-para-alumnado-con-necesidades-educativas-especiales\/","og_locale":"es_ES","og_type":"article","og_title":"Abierto el plazo para solicitar becas para alumnado con necesidades educativas especiales &#8226; Federaci\u00f3n Down Galicia","og_description":"El Ministerio de Educaci\u00f3n otorga ayudas para garantizar que ning\u00fan estudiante con discapacidad que necesite apoyos espec\u00edficos abandone sus estudios por motivos econ\u00f3micos. El alumnado que presente necesidades educativas especiales derivadas de discapacidad, o trastorno de conducta grave, podr\u00e1 obtener...","og_url":"https:\/\/downgalicia.org\/es\/abierto-el-plazo-para-solicitar-becas-para-alumnado-con-necesidades-educativas-especiales\/","og_site_name":"Federaci\u00f3n Down Galicia","article_published_time":"2013-09-10T07:12:34+00:00","author":"produccion@visualpublinet.com","twitter_card":"summary_large_image","twitter_misc":{"Escrito por":"produccion@visualpublinet.com","Tiempo de lectura":"2 minutos"},"schema":{"@context":"https:\/\/schema.org","@graph":[{"@type":"Article","@id":"https:\/\/downgalicia.org\/es\/abierto-el-plazo-para-solicitar-becas-para-alumnado-con-necesidades-educativas-especiales\/#article","isPartOf":{"@id":"https:\/\/downgalicia.org\/es\/abierto-el-plazo-para-solicitar-becas-para-alumnado-con-necesidades-educativas-especiales\/"},"author":{"name":"produccion@visualpublinet.com","@id":"https:\/\/downgalicia.org\/es\/#\/schema\/person\/317730a00185114c76a219b94bddef15"},"headline":"Abierto el plazo para solicitar becas para alumnado con necesidades educativas especiales","datePublished":"2013-09-10T07:12:34+00:00","mainEntityOfPage":{"@id":"https:\/\/downgalicia.org\/es\/abierto-el-plazo-para-solicitar-becas-para-alumnado-con-necesidades-educativas-especiales\/"},"wordCount":402,"publisher":{"@id":"https:\/\/downgalicia.org\/es\/#organization"},"articleSection":["Down Galicia","Noticias del Movimiento Down"],"inLanguage":"es"},{"@type":"WebPage","@id":"https:\/\/downgalicia.org\/es\/abierto-el-plazo-para-solicitar-becas-para-alumnado-con-necesidades-educativas-especiales\/","url":"https:\/\/downgalicia.org\/es\/abierto-el-plazo-para-solicitar-becas-para-alumnado-con-necesidades-educativas-especiales\/","name":"Abierto el plazo para solicitar becas para alumnado con necesidades educativas especiales &#8226; Federaci\u00f3n Down Galicia","isPartOf":{"@id":"https:\/\/downgalicia.org\/es\/#website"},"datePublished":"2013-09-10T07:12:34+00:00","breadcrumb":{"@id":"https:\/\/downgalicia.org\/es\/abierto-el-plazo-para-solicitar-becas-para-alumnado-con-necesidades-educativas-especiales\/#breadcrumb"},"inLanguage":"es","potentialAction":[{"@type":"ReadAction","target":["https:\/\/downgalicia.org\/es\/abierto-el-plazo-para-solicitar-becas-para-alumnado-con-necesidades-educativas-especiales\/"]}]},{"@type":"BreadcrumbList","@id":"https:\/\/downgalicia.org\/es\/abierto-el-plazo-para-solicitar-becas-para-alumnado-con-necesidades-educativas-especiales\/#breadcrumb","itemListElement":[{"@type":"ListItem","position":1,"name":"Portada","item":"https:\/\/downgalicia.org\/es\/"},{"@type":"ListItem","position":2,"name":"Abierto el plazo para solicitar becas para alumnado con necesidades educativas especiales"}]},{"@type":"WebSite","@id":"https:\/\/downgalicia.org\/es\/#website","url":"https:\/\/downgalicia.org\/es\/","name":"Federaci\u00f3n Down Galicia","description":"Apoio a persoas con S\u00edndrome de Down","publisher":{"@id":"https:\/\/downgalicia.org\/es\/#organization"},"potentialAction":[{"@type":"SearchAction","target":{"@type":"EntryPoint","urlTemplate":"https:\/\/downgalicia.org\/es\/?s={search_term_string}"},"query-input":{"@type":"PropertyValueSpecification","valueRequired":true,"valueName":"search_term_string"}}],"inLanguage":"es"},{"@type":"Organization","@id":"https:\/\/downgalicia.org\/es\/#organization","name":"Federaci\u00f3n Down Galicia","url":"https:\/\/downgalicia.org\/es\/","logo":{"@type":"ImageObject","inLanguage":"es","@id":"https:\/\/downgalicia.org\/es\/#\/schema\/logo\/image\/","url":"https:\/\/downgalicia.org\/wp-content\/uploads\/2024\/07\/logo-sindrome-down-color.svg","contentUrl":"https:\/\/downgalicia.org\/wp-content\/uploads\/2024\/07\/logo-sindrome-down-color.svg","width":271,"height":88,"caption":"Federaci\u00f3n Down Galicia"},"image":{"@id":"https:\/\/downgalicia.org\/es\/#\/schema\/logo\/image\/"}},{"@type":"Person","@id":"https:\/\/downgalicia.org\/es\/#\/schema\/person\/317730a00185114c76a219b94bddef15","name":"produccion@visualpublinet.com","image":{"@type":"ImageObject","inLanguage":"es","@id":"https:\/\/downgalicia.org\/es\/#\/schema\/person\/image\/","url":"https:\/\/secure.gravatar.com\/avatar\/282ee20c78c1b1137175d4ab9f75785d8c239d499b1376df3ba16efa213b7b10?s=96&d=mm&r=g","contentUrl":"https:\/\/secure.gravatar.com\/avatar\/282ee20c78c1b1137175d4ab9f75785d8c239d499b1376df3ba16efa213b7b10?s=96&d=mm&r=g","caption":"produccion@visualpublinet.com"},"sameAs":["https:\/\/downgalicia.org"],"url":"https:\/\/downgalicia.org\/es\/author\/produccionvisualpublinet-com\/"}]}},"_links":{"self":[{"href":"https:\/\/downgalicia.org\/es\/wp-json\/wp\/v2\/posts\/8526","targetHints":{"allow":["GET"]}}],"collection":[{"href":"https:\/\/downgalicia.org\/es\/wp-json\/wp\/v2\/posts"}],"about":[{"href":"https:\/\/downgalicia.org\/es\/wp-json\/wp\/v2\/types\/post"}],"author":[{"embeddable":true,"href":"https:\/\/downgalicia.org\/es\/wp-json\/wp\/v2\/users\/1"}],"replies":[{"embeddable":true,"href":"https:\/\/downgalicia.org\/es\/wp-json\/wp\/v2\/comments?post=8526"}],"version-history":[{"count":0,"href":"https:\/\/downgalicia.org\/es\/wp-json\/wp\/v2\/posts\/8526\/revisions"}],"wp:attachment":[{"href":"https:\/\/downgalicia.org\/es\/wp-json\/wp\/v2\/media?parent=8526"}],"wp:term":[{"taxonomy":"category","embeddable":true,"href":"https:\/\/downgalicia.org\/es\/wp-json\/wp\/v2\/categories?post=8526"},{"taxonomy":"post_tag","embeddable":true,"href":"https:\/\/downgalicia.org\/es\/wp-json\/wp\/v2\/tags?post=8526"}],"curies":[{"name":"wp","href":"https:\/\/api.w.org\/{rel}","templated":true}]}}