{"id":8534,"date":"2013-07-30T09:26:12","date_gmt":"2013-07-30T07:26:12","guid":{"rendered":"http:\/\/downgalicia.org.136-144-253-96.136-144-253-96.visualpublinet.com\/la-xunta-colabora-con-down-galicia-a-favor-de-la-integracion-social-e-independencia-de-las-personas-con-sindrome-de-down\/"},"modified":"2013-07-30T09:26:12","modified_gmt":"2013-07-30T07:26:12","slug":"la-xunta-colabora-con-down-galicia-a-favor-de-la-integracion-social-e-independencia-de-las-personas-con-sindrome-de-down","status":"publish","type":"post","link":"https:\/\/downgalicia.org\/es\/la-xunta-colabora-con-down-galicia-a-favor-de-la-integracion-social-e-independencia-de-las-personas-con-sindrome-de-down\/","title":{"rendered":"La Xunta colabora con Down Galicia a favor de la integraci\u00f3n social e independencia de las personas con s\u00edndrome de Down"},"content":{"rendered":"<p>La secretaria xeral de \u00a0Igualdade, Susana L\u00f3pez Abella, mantuvo una reuni\u00f3n con el presidente de la Federaci\u00f3n Galega de Instituci\u00f3ns para a s\u00edndrome de Down \u2013Down Galicia, Delmiro Prieto, con motivo de revisar las actividades realizadas por dicha organizaci\u00f3n en colaboraci\u00f3n con Igualdade, a favor de la integraci\u00f3n social e independencia de las personas con s\u00edndrome de Down.<\/p>\n<p>L\u00f3pez Abella record\u00f3 que la Federaci\u00f3n recibi\u00f3 el pasado a\u00f1o m\u00e1s de 13.000 euros por parte de la Secretar\u00eda Xeral de Igualdade para la financiaci\u00f3n de programas y actividades de integraci\u00f3n e independencia. Dicha ayuda se enmarca dentro de la orden de subvenciones a entidades de iniciativa social sin \u00e1nimo de lucro, que convoca anualmente la Xunta de Galicia, con un presupuesto global de 860.000 euros.<\/p>\n<p>Asimismo, la titular de Igualdade se interes\u00f3 por el proyecto sobre &#8216;Informaci\u00f3n, asesoramiento y orientaci\u00f3n laboral para mujeres con discapacidad intelectual ocupadas, despedidas y\/o en mejora de empleo&#8217;, desarrollado por Down Galicia.<\/p>\n<p><b>Visitas en A Coru\u00f1a y Lugo<\/b><br \/>\nUna muestra m\u00e1s del creciente inter\u00e9s de la Xunta de Galicia en pro de la integraci\u00f3n de las personas con el s\u00edndrome de Down son las visitas que en los \u00faltimos meses realiz\u00f3 la secretaria xeral de Igualdade a las sedes de Down Coru\u00f1a y Down Lugo. En estas visitas L\u00f3pez Abella conoci\u00f3 de primera mano las actividades que realiza la entidad para la mejora de la autonom\u00eda personal y de la calidad de vida de las personas con s\u00edndrome de Down.<\/p>\n","protected":false},"excerpt":{"rendered":"<p>La secretaria xeral de \u00a0Igualdade, Susana L\u00f3pez Abella, mantuvo una reuni\u00f3n con el presidente de la Federaci\u00f3n Galega de Instituci\u00f3ns para a s\u00edndrome de Down \u2013Down Galicia, Delmiro Prieto, con motivo de revisar las actividades realizadas por dicha organizaci\u00f3n en&#8230;<\/p>\n","protected":false},"author":1,"featured_media":0,"comment_status":"closed","ping_status":"closed","sticky":false,"template":"","format":"standard","meta":{"_acf_changed":false,"give_campaign_id":0,"footnotes":""},"categories":[129,71],"tags":[],"class_list":["post-8534","post","type-post","status-publish","format-standard","hentry","category-down-galicia-hemeroteca-es","category-noticias-sindrome-de-down-es"],"acf":[],"yoast_head":"<!-- This site is optimized with the Yoast SEO plugin v25.3.1 - https:\/\/yoast.com\/wordpress\/plugins\/seo\/ -->\n<title>La Xunta colabora con Down Galicia a favor de la integraci\u00f3n social e independencia de las personas con s\u00edndrome de Down &#8226; Federaci\u00f3n Down Galicia<\/title>\n<meta name=\"robots\" content=\"index, follow, max-snippet:-1, max-image-preview:large, max-video-preview:-1\" \/>\n<link rel=\"canonical\" href=\"https:\/\/downgalicia.org\/es\/la-xunta-colabora-con-down-galicia-a-favor-de-la-integracion-social-e-independencia-de-las-personas-con-sindrome-de-down\/\" \/>\n<meta property=\"og:locale\" content=\"es_ES\" \/>\n<meta property=\"og:type\" content=\"article\" \/>\n<meta property=\"og:title\" content=\"La Xunta colabora con Down Galicia a favor de la integraci\u00f3n social e independencia de las personas con s\u00edndrome de Down &#8226; Federaci\u00f3n Down Galicia\" \/>\n<meta property=\"og:description\" content=\"La secretaria xeral de \u00a0Igualdade, Susana L\u00f3pez Abella, mantuvo una reuni\u00f3n con el presidente de la Federaci\u00f3n Galega de Instituci\u00f3ns para a s\u00edndrome de Down \u2013Down Galicia, Delmiro Prieto, con motivo de revisar las actividades realizadas por dicha organizaci\u00f3n en...\" \/>\n<meta property=\"og:url\" content=\"https:\/\/downgalicia.org\/es\/la-xunta-colabora-con-down-galicia-a-favor-de-la-integracion-social-e-independencia-de-las-personas-con-sindrome-de-down\/\" \/>\n<meta property=\"og:site_name\" content=\"Federaci\u00f3n Down Galicia\" \/>\n<meta property=\"article:published_time\" content=\"2013-07-30T07:26:12+00:00\" \/>\n<meta name=\"author\" content=\"produccion@visualpublinet.com\" \/>\n<meta name=\"twitter:card\" content=\"summary_large_image\" \/>\n<meta name=\"twitter:label1\" content=\"Escrito por\" \/>\n\t<meta name=\"twitter:data1\" content=\"produccion@visualpublinet.com\" \/>\n\t<meta name=\"twitter:label2\" content=\"Tiempo de lectura\" \/>\n\t<meta name=\"twitter:data2\" content=\"1 minuto\" \/>\n<script type=\"application\/ld+json\" class=\"yoast-schema-graph\">{\"@context\":\"https:\/\/schema.org\",\"@graph\":[{\"@type\":\"Article\",\"@id\":\"https:\/\/downgalicia.org\/es\/la-xunta-colabora-con-down-galicia-a-favor-de-la-integracion-social-e-independencia-de-las-personas-con-sindrome-de-down\/#article\",\"isPartOf\":{\"@id\":\"https:\/\/downgalicia.org\/es\/la-xunta-colabora-con-down-galicia-a-favor-de-la-integracion-social-e-independencia-de-las-personas-con-sindrome-de-down\/\"},\"author\":{\"name\":\"produccion@visualpublinet.com\",\"@id\":\"https:\/\/downgalicia.org\/es\/#\/schema\/person\/317730a00185114c76a219b94bddef15\"},\"headline\":\"La Xunta colabora con Down Galicia a favor de la integraci\u00f3n social e independencia de las personas con s\u00edndrome de Down\",\"datePublished\":\"2013-07-30T07:26:12+00:00\",\"mainEntityOfPage\":{\"@id\":\"https:\/\/downgalicia.org\/es\/la-xunta-colabora-con-down-galicia-a-favor-de-la-integracion-social-e-independencia-de-las-personas-con-sindrome-de-down\/\"},\"wordCount\":293,\"publisher\":{\"@id\":\"https:\/\/downgalicia.org\/es\/#organization\"},\"articleSection\":[\"Down Galicia\",\"Noticias del Movimiento Down\"],\"inLanguage\":\"es\"},{\"@type\":\"WebPage\",\"@id\":\"https:\/\/downgalicia.org\/es\/la-xunta-colabora-con-down-galicia-a-favor-de-la-integracion-social-e-independencia-de-las-personas-con-sindrome-de-down\/\",\"url\":\"https:\/\/downgalicia.org\/es\/la-xunta-colabora-con-down-galicia-a-favor-de-la-integracion-social-e-independencia-de-las-personas-con-sindrome-de-down\/\",\"name\":\"La Xunta colabora con Down Galicia a favor de la integraci\u00f3n social e independencia de las personas con s\u00edndrome de Down &#8226; Federaci\u00f3n Down Galicia\",\"isPartOf\":{\"@id\":\"https:\/\/downgalicia.org\/es\/#website\"},\"datePublished\":\"2013-07-30T07:26:12+00:00\",\"breadcrumb\":{\"@id\":\"https:\/\/downgalicia.org\/es\/la-xunta-colabora-con-down-galicia-a-favor-de-la-integracion-social-e-independencia-de-las-personas-con-sindrome-de-down\/#breadcrumb\"},\"inLanguage\":\"es\",\"potentialAction\":[{\"@type\":\"ReadAction\",\"target\":[\"https:\/\/downgalicia.org\/es\/la-xunta-colabora-con-down-galicia-a-favor-de-la-integracion-social-e-independencia-de-las-personas-con-sindrome-de-down\/\"]}]},{\"@type\":\"BreadcrumbList\",\"@id\":\"https:\/\/downgalicia.org\/es\/la-xunta-colabora-con-down-galicia-a-favor-de-la-integracion-social-e-independencia-de-las-personas-con-sindrome-de-down\/#breadcrumb\",\"itemListElement\":[{\"@type\":\"ListItem\",\"position\":1,\"name\":\"Portada\",\"item\":\"https:\/\/downgalicia.org\/es\/\"},{\"@type\":\"ListItem\",\"position\":2,\"name\":\"La Xunta colabora con Down Galicia a favor de la integraci\u00f3n social e independencia de las personas con s\u00edndrome de Down\"}]},{\"@type\":\"WebSite\",\"@id\":\"https:\/\/downgalicia.org\/es\/#website\",\"url\":\"https:\/\/downgalicia.org\/es\/\",\"name\":\"Federaci\u00f3n Down Galicia\",\"description\":\"Apoio a persoas con S\u00edndrome de Down\",\"publisher\":{\"@id\":\"https:\/\/downgalicia.org\/es\/#organization\"},\"potentialAction\":[{\"@type\":\"SearchAction\",\"target\":{\"@type\":\"EntryPoint\",\"urlTemplate\":\"https:\/\/downgalicia.org\/es\/?s={search_term_string}\"},\"query-input\":{\"@type\":\"PropertyValueSpecification\",\"valueRequired\":true,\"valueName\":\"search_term_string\"}}],\"inLanguage\":\"es\"},{\"@type\":\"Organization\",\"@id\":\"https:\/\/downgalicia.org\/es\/#organization\",\"name\":\"Federaci\u00f3n Down Galicia\",\"url\":\"https:\/\/downgalicia.org\/es\/\",\"logo\":{\"@type\":\"ImageObject\",\"inLanguage\":\"es\",\"@id\":\"https:\/\/downgalicia.org\/es\/#\/schema\/logo\/image\/\",\"url\":\"https:\/\/downgalicia.org\/wp-content\/uploads\/2024\/07\/logo-sindrome-down-color.svg\",\"contentUrl\":\"https:\/\/downgalicia.org\/wp-content\/uploads\/2024\/07\/logo-sindrome-down-color.svg\",\"width\":271,\"height\":88,\"caption\":\"Federaci\u00f3n Down Galicia\"},\"image\":{\"@id\":\"https:\/\/downgalicia.org\/es\/#\/schema\/logo\/image\/\"}},{\"@type\":\"Person\",\"@id\":\"https:\/\/downgalicia.org\/es\/#\/schema\/person\/317730a00185114c76a219b94bddef15\",\"name\":\"produccion@visualpublinet.com\",\"image\":{\"@type\":\"ImageObject\",\"inLanguage\":\"es\",\"@id\":\"https:\/\/downgalicia.org\/es\/#\/schema\/person\/image\/\",\"url\":\"https:\/\/secure.gravatar.com\/avatar\/282ee20c78c1b1137175d4ab9f75785d8c239d499b1376df3ba16efa213b7b10?s=96&d=mm&r=g\",\"contentUrl\":\"https:\/\/secure.gravatar.com\/avatar\/282ee20c78c1b1137175d4ab9f75785d8c239d499b1376df3ba16efa213b7b10?s=96&d=mm&r=g\",\"caption\":\"produccion@visualpublinet.com\"},\"sameAs\":[\"https:\/\/downgalicia.org\"],\"url\":\"https:\/\/downgalicia.org\/es\/author\/produccionvisualpublinet-com\/\"}]}<\/script>\n<!-- \/ Yoast SEO plugin. -->","yoast_head_json":{"title":"La Xunta colabora con Down Galicia a favor de la integraci\u00f3n social e independencia de las personas con s\u00edndrome de Down &#8226; Federaci\u00f3n Down Galicia","robots":{"index":"index","follow":"follow","max-snippet":"max-snippet:-1","max-image-preview":"max-image-preview:large","max-video-preview":"max-video-preview:-1"},"canonical":"https:\/\/downgalicia.org\/es\/la-xunta-colabora-con-down-galicia-a-favor-de-la-integracion-social-e-independencia-de-las-personas-con-sindrome-de-down\/","og_locale":"es_ES","og_type":"article","og_title":"La Xunta colabora con Down Galicia a favor de la integraci\u00f3n social e independencia de las personas con s\u00edndrome de Down &#8226; Federaci\u00f3n Down Galicia","og_description":"La secretaria xeral de \u00a0Igualdade, Susana L\u00f3pez Abella, mantuvo una reuni\u00f3n con el presidente de la Federaci\u00f3n Galega de Instituci\u00f3ns para a s\u00edndrome de Down \u2013Down Galicia, Delmiro Prieto, con motivo de revisar las actividades realizadas por dicha organizaci\u00f3n en...","og_url":"https:\/\/downgalicia.org\/es\/la-xunta-colabora-con-down-galicia-a-favor-de-la-integracion-social-e-independencia-de-las-personas-con-sindrome-de-down\/","og_site_name":"Federaci\u00f3n Down Galicia","article_published_time":"2013-07-30T07:26:12+00:00","author":"produccion@visualpublinet.com","twitter_card":"summary_large_image","twitter_misc":{"Escrito por":"produccion@visualpublinet.com","Tiempo de lectura":"1 minuto"},"schema":{"@context":"https:\/\/schema.org","@graph":[{"@type":"Article","@id":"https:\/\/downgalicia.org\/es\/la-xunta-colabora-con-down-galicia-a-favor-de-la-integracion-social-e-independencia-de-las-personas-con-sindrome-de-down\/#article","isPartOf":{"@id":"https:\/\/downgalicia.org\/es\/la-xunta-colabora-con-down-galicia-a-favor-de-la-integracion-social-e-independencia-de-las-personas-con-sindrome-de-down\/"},"author":{"name":"produccion@visualpublinet.com","@id":"https:\/\/downgalicia.org\/es\/#\/schema\/person\/317730a00185114c76a219b94bddef15"},"headline":"La Xunta colabora con Down Galicia a favor de la integraci\u00f3n social e independencia de las personas con s\u00edndrome de Down","datePublished":"2013-07-30T07:26:12+00:00","mainEntityOfPage":{"@id":"https:\/\/downgalicia.org\/es\/la-xunta-colabora-con-down-galicia-a-favor-de-la-integracion-social-e-independencia-de-las-personas-con-sindrome-de-down\/"},"wordCount":293,"publisher":{"@id":"https:\/\/downgalicia.org\/es\/#organization"},"articleSection":["Down Galicia","Noticias del Movimiento Down"],"inLanguage":"es"},{"@type":"WebPage","@id":"https:\/\/downgalicia.org\/es\/la-xunta-colabora-con-down-galicia-a-favor-de-la-integracion-social-e-independencia-de-las-personas-con-sindrome-de-down\/","url":"https:\/\/downgalicia.org\/es\/la-xunta-colabora-con-down-galicia-a-favor-de-la-integracion-social-e-independencia-de-las-personas-con-sindrome-de-down\/","name":"La Xunta colabora con Down Galicia a favor de la integraci\u00f3n social e independencia de las personas con s\u00edndrome de Down &#8226; Federaci\u00f3n Down Galicia","isPartOf":{"@id":"https:\/\/downgalicia.org\/es\/#website"},"datePublished":"2013-07-30T07:26:12+00:00","breadcrumb":{"@id":"https:\/\/downgalicia.org\/es\/la-xunta-colabora-con-down-galicia-a-favor-de-la-integracion-social-e-independencia-de-las-personas-con-sindrome-de-down\/#breadcrumb"},"inLanguage":"es","potentialAction":[{"@type":"ReadAction","target":["https:\/\/downgalicia.org\/es\/la-xunta-colabora-con-down-galicia-a-favor-de-la-integracion-social-e-independencia-de-las-personas-con-sindrome-de-down\/"]}]},{"@type":"BreadcrumbList","@id":"https:\/\/downgalicia.org\/es\/la-xunta-colabora-con-down-galicia-a-favor-de-la-integracion-social-e-independencia-de-las-personas-con-sindrome-de-down\/#breadcrumb","itemListElement":[{"@type":"ListItem","position":1,"name":"Portada","item":"https:\/\/downgalicia.org\/es\/"},{"@type":"ListItem","position":2,"name":"La Xunta colabora con Down Galicia a favor de la integraci\u00f3n social e independencia de las personas con s\u00edndrome de Down"}]},{"@type":"WebSite","@id":"https:\/\/downgalicia.org\/es\/#website","url":"https:\/\/downgalicia.org\/es\/","name":"Federaci\u00f3n Down Galicia","description":"Apoio a persoas con S\u00edndrome de Down","publisher":{"@id":"https:\/\/downgalicia.org\/es\/#organization"},"potentialAction":[{"@type":"SearchAction","target":{"@type":"EntryPoint","urlTemplate":"https:\/\/downgalicia.org\/es\/?s={search_term_string}"},"query-input":{"@type":"PropertyValueSpecification","valueRequired":true,"valueName":"search_term_string"}}],"inLanguage":"es"},{"@type":"Organization","@id":"https:\/\/downgalicia.org\/es\/#organization","name":"Federaci\u00f3n Down Galicia","url":"https:\/\/downgalicia.org\/es\/","logo":{"@type":"ImageObject","inLanguage":"es","@id":"https:\/\/downgalicia.org\/es\/#\/schema\/logo\/image\/","url":"https:\/\/downgalicia.org\/wp-content\/uploads\/2024\/07\/logo-sindrome-down-color.svg","contentUrl":"https:\/\/downgalicia.org\/wp-content\/uploads\/2024\/07\/logo-sindrome-down-color.svg","width":271,"height":88,"caption":"Federaci\u00f3n Down Galicia"},"image":{"@id":"https:\/\/downgalicia.org\/es\/#\/schema\/logo\/image\/"}},{"@type":"Person","@id":"https:\/\/downgalicia.org\/es\/#\/schema\/person\/317730a00185114c76a219b94bddef15","name":"produccion@visualpublinet.com","image":{"@type":"ImageObject","inLanguage":"es","@id":"https:\/\/downgalicia.org\/es\/#\/schema\/person\/image\/","url":"https:\/\/secure.gravatar.com\/avatar\/282ee20c78c1b1137175d4ab9f75785d8c239d499b1376df3ba16efa213b7b10?s=96&d=mm&r=g","contentUrl":"https:\/\/secure.gravatar.com\/avatar\/282ee20c78c1b1137175d4ab9f75785d8c239d499b1376df3ba16efa213b7b10?s=96&d=mm&r=g","caption":"produccion@visualpublinet.com"},"sameAs":["https:\/\/downgalicia.org"],"url":"https:\/\/downgalicia.org\/es\/author\/produccionvisualpublinet-com\/"}]}},"_links":{"self":[{"href":"https:\/\/downgalicia.org\/es\/wp-json\/wp\/v2\/posts\/8534","targetHints":{"allow":["GET"]}}],"collection":[{"href":"https:\/\/downgalicia.org\/es\/wp-json\/wp\/v2\/posts"}],"about":[{"href":"https:\/\/downgalicia.org\/es\/wp-json\/wp\/v2\/types\/post"}],"author":[{"embeddable":true,"href":"https:\/\/downgalicia.org\/es\/wp-json\/wp\/v2\/users\/1"}],"replies":[{"embeddable":true,"href":"https:\/\/downgalicia.org\/es\/wp-json\/wp\/v2\/comments?post=8534"}],"version-history":[{"count":0,"href":"https:\/\/downgalicia.org\/es\/wp-json\/wp\/v2\/posts\/8534\/revisions"}],"wp:attachment":[{"href":"https:\/\/downgalicia.org\/es\/wp-json\/wp\/v2\/media?parent=8534"}],"wp:term":[{"taxonomy":"category","embeddable":true,"href":"https:\/\/downgalicia.org\/es\/wp-json\/wp\/v2\/categories?post=8534"},{"taxonomy":"post_tag","embeddable":true,"href":"https:\/\/downgalicia.org\/es\/wp-json\/wp\/v2\/tags?post=8534"}],"curies":[{"name":"wp","href":"https:\/\/api.w.org\/{rel}","templated":true}]}}