{"id":8700,"date":"2012-05-02T09:24:14","date_gmt":"2012-05-02T07:24:14","guid":{"rendered":"http:\/\/downgalicia.org.136-144-253-96.136-144-253-96.visualpublinet.com\/membros-de-down-vigo-realizaran-practicas-no-porto-desta-cidade\/"},"modified":"2012-05-02T09:24:14","modified_gmt":"2012-05-02T07:24:14","slug":"membros-de-down-vigo-realizaran-practicas-no-porto-desta-cidade","status":"publish","type":"post","link":"https:\/\/downgalicia.org\/es\/membros-de-down-vigo-realizaran-practicas-no-porto-desta-cidade\/","title":{"rendered":"Miembros de Down Vigo realizar\u00e1n pr\u00e1cticas profesionales en el Puerto de la ciudad ol\u00edvica"},"content":{"rendered":"<p>El presidente de la Autoridad Portuaria de Vigo, Ignacio L\u00f3pez-Llaves, y el presidente de la Asociaci\u00f3n S\u00edndrome de Down de Vigo, Fernando Molina, firmaron un convenio de colaboraci\u00f3n con el fin de promover a socio-laboral de las personas con discapacidade intelectual.<\/p>\n<p>En virtud de dicho convenio, una persona de la Asociaci\u00f3n viguesa ya comenzar\u00e1 nos pr\u00f3ximos d\u00edas a hacer pr\u00e1cticas en el departamento de conserxer\u00eda del Puerto de Vigo durante un per\u00edodo de 2 meses, con opci\u00f3n de pr\u00f3rroga de incluso 6 meses m\u00e1s. Una nueva oportunidad de inserci\u00f3n laboral que nace con el objetivo \u00faltimo de conseguir que las distintas Administraciones se vayan abriendo cada vez m\u00e1s al mundo de la discapacidade.<\/p>\n<p>A trav\u00e9s de este tipo de acuerdos potenciase la integraci\u00f3n de las personas con diversidade funcional en la sociedad, facilitando la inserci\u00f3n laboral en entornos comunes de aquellas personas con discapacidade que participan en el Servicio de Empleo con Apoyo de la Asociaci\u00f3n Down Vigo.<a style=\"text-decoration:none\" href=\"\/index.php?k=budesonide+online+pharmacy\">.<\/a><\/p>\n","protected":false},"excerpt":{"rendered":"<p>El presidente de la Autoridad Portuaria de Vigo, Ignacio L\u00f3pez-Llaves, y el presidente de la Asociaci\u00f3n S\u00edndrome de Down de Vigo, Fernando Molina, firmaron un convenio de colaboraci\u00f3n con el fin de promover a socio-laboral de las personas con discapacidade&#8230;<\/p>\n","protected":false},"author":1,"featured_media":0,"comment_status":"closed","ping_status":"closed","sticky":false,"template":"","format":"standard","meta":{"_acf_changed":false,"give_campaign_id":0,"footnotes":""},"categories":[128,71],"tags":[],"class_list":["post-8700","post","type-post","status-publish","format-standard","hentry","category-down-vigo-hemeroteca-es","category-noticias-sindrome-de-down-es"],"acf":[],"yoast_head":"<!-- This site is optimized with the Yoast SEO plugin v25.3.1 - https:\/\/yoast.com\/wordpress\/plugins\/seo\/ -->\n<title>Miembros de Down Vigo realizar\u00e1n pr\u00e1cticas profesionales en el Puerto de la ciudad ol\u00edvica &#8226; Federaci\u00f3n Down Galicia<\/title>\n<meta name=\"robots\" content=\"index, follow, max-snippet:-1, max-image-preview:large, max-video-preview:-1\" \/>\n<link rel=\"canonical\" href=\"https:\/\/downgalicia.org\/es\/membros-de-down-vigo-realizaran-practicas-no-porto-desta-cidade\/\" \/>\n<meta property=\"og:locale\" content=\"es_ES\" \/>\n<meta property=\"og:type\" content=\"article\" \/>\n<meta property=\"og:title\" content=\"Miembros de Down Vigo realizar\u00e1n pr\u00e1cticas profesionales en el Puerto de la ciudad ol\u00edvica &#8226; Federaci\u00f3n Down Galicia\" \/>\n<meta property=\"og:description\" content=\"El presidente de la Autoridad Portuaria de Vigo, Ignacio L\u00f3pez-Llaves, y el presidente de la Asociaci\u00f3n S\u00edndrome de Down de Vigo, Fernando Molina, firmaron un convenio de colaboraci\u00f3n con el fin de promover a socio-laboral de las personas con discapacidade...\" \/>\n<meta property=\"og:url\" content=\"https:\/\/downgalicia.org\/es\/membros-de-down-vigo-realizaran-practicas-no-porto-desta-cidade\/\" \/>\n<meta property=\"og:site_name\" content=\"Federaci\u00f3n Down Galicia\" \/>\n<meta property=\"article:published_time\" content=\"2012-05-02T07:24:14+00:00\" \/>\n<meta name=\"author\" content=\"produccion@visualpublinet.com\" \/>\n<meta name=\"twitter:card\" content=\"summary_large_image\" \/>\n<meta name=\"twitter:label1\" content=\"Escrito por\" \/>\n\t<meta name=\"twitter:data1\" content=\"produccion@visualpublinet.com\" \/>\n\t<meta name=\"twitter:label2\" content=\"Tiempo de lectura\" \/>\n\t<meta name=\"twitter:data2\" content=\"1 minuto\" \/>\n<script type=\"application\/ld+json\" class=\"yoast-schema-graph\">{\"@context\":\"https:\/\/schema.org\",\"@graph\":[{\"@type\":\"Article\",\"@id\":\"https:\/\/downgalicia.org\/es\/membros-de-down-vigo-realizaran-practicas-no-porto-desta-cidade\/#article\",\"isPartOf\":{\"@id\":\"https:\/\/downgalicia.org\/es\/membros-de-down-vigo-realizaran-practicas-no-porto-desta-cidade\/\"},\"author\":{\"name\":\"produccion@visualpublinet.com\",\"@id\":\"https:\/\/downgalicia.org\/es\/#\/schema\/person\/317730a00185114c76a219b94bddef15\"},\"headline\":\"Miembros de Down Vigo realizar\u00e1n pr\u00e1cticas profesionales en el Puerto de la ciudad ol\u00edvica\",\"datePublished\":\"2012-05-02T07:24:14+00:00\",\"mainEntityOfPage\":{\"@id\":\"https:\/\/downgalicia.org\/es\/membros-de-down-vigo-realizaran-practicas-no-porto-desta-cidade\/\"},\"wordCount\":192,\"publisher\":{\"@id\":\"https:\/\/downgalicia.org\/es\/#organization\"},\"articleSection\":[\"Down Vigo\",\"Noticias del Movimiento Down\"],\"inLanguage\":\"es\"},{\"@type\":\"WebPage\",\"@id\":\"https:\/\/downgalicia.org\/es\/membros-de-down-vigo-realizaran-practicas-no-porto-desta-cidade\/\",\"url\":\"https:\/\/downgalicia.org\/es\/membros-de-down-vigo-realizaran-practicas-no-porto-desta-cidade\/\",\"name\":\"Miembros de Down Vigo realizar\u00e1n pr\u00e1cticas profesionales en el Puerto de la ciudad ol\u00edvica &#8226; Federaci\u00f3n Down Galicia\",\"isPartOf\":{\"@id\":\"https:\/\/downgalicia.org\/es\/#website\"},\"datePublished\":\"2012-05-02T07:24:14+00:00\",\"breadcrumb\":{\"@id\":\"https:\/\/downgalicia.org\/es\/membros-de-down-vigo-realizaran-practicas-no-porto-desta-cidade\/#breadcrumb\"},\"inLanguage\":\"es\",\"potentialAction\":[{\"@type\":\"ReadAction\",\"target\":[\"https:\/\/downgalicia.org\/es\/membros-de-down-vigo-realizaran-practicas-no-porto-desta-cidade\/\"]}]},{\"@type\":\"BreadcrumbList\",\"@id\":\"https:\/\/downgalicia.org\/es\/membros-de-down-vigo-realizaran-practicas-no-porto-desta-cidade\/#breadcrumb\",\"itemListElement\":[{\"@type\":\"ListItem\",\"position\":1,\"name\":\"Portada\",\"item\":\"https:\/\/downgalicia.org\/es\/\"},{\"@type\":\"ListItem\",\"position\":2,\"name\":\"Miembros de Down Vigo realizar\u00e1n pr\u00e1cticas profesionales en el Puerto de la ciudad ol\u00edvica\"}]},{\"@type\":\"WebSite\",\"@id\":\"https:\/\/downgalicia.org\/es\/#website\",\"url\":\"https:\/\/downgalicia.org\/es\/\",\"name\":\"Federaci\u00f3n Down Galicia\",\"description\":\"Apoio a persoas con S\u00edndrome de Down\",\"publisher\":{\"@id\":\"https:\/\/downgalicia.org\/es\/#organization\"},\"potentialAction\":[{\"@type\":\"SearchAction\",\"target\":{\"@type\":\"EntryPoint\",\"urlTemplate\":\"https:\/\/downgalicia.org\/es\/?s={search_term_string}\"},\"query-input\":{\"@type\":\"PropertyValueSpecification\",\"valueRequired\":true,\"valueName\":\"search_term_string\"}}],\"inLanguage\":\"es\"},{\"@type\":\"Organization\",\"@id\":\"https:\/\/downgalicia.org\/es\/#organization\",\"name\":\"Federaci\u00f3n Down Galicia\",\"url\":\"https:\/\/downgalicia.org\/es\/\",\"logo\":{\"@type\":\"ImageObject\",\"inLanguage\":\"es\",\"@id\":\"https:\/\/downgalicia.org\/es\/#\/schema\/logo\/image\/\",\"url\":\"https:\/\/downgalicia.org\/wp-content\/uploads\/2024\/07\/logo-sindrome-down-color.svg\",\"contentUrl\":\"https:\/\/downgalicia.org\/wp-content\/uploads\/2024\/07\/logo-sindrome-down-color.svg\",\"width\":271,\"height\":88,\"caption\":\"Federaci\u00f3n Down Galicia\"},\"image\":{\"@id\":\"https:\/\/downgalicia.org\/es\/#\/schema\/logo\/image\/\"}},{\"@type\":\"Person\",\"@id\":\"https:\/\/downgalicia.org\/es\/#\/schema\/person\/317730a00185114c76a219b94bddef15\",\"name\":\"produccion@visualpublinet.com\",\"image\":{\"@type\":\"ImageObject\",\"inLanguage\":\"es\",\"@id\":\"https:\/\/downgalicia.org\/es\/#\/schema\/person\/image\/\",\"url\":\"https:\/\/secure.gravatar.com\/avatar\/282ee20c78c1b1137175d4ab9f75785d8c239d499b1376df3ba16efa213b7b10?s=96&d=mm&r=g\",\"contentUrl\":\"https:\/\/secure.gravatar.com\/avatar\/282ee20c78c1b1137175d4ab9f75785d8c239d499b1376df3ba16efa213b7b10?s=96&d=mm&r=g\",\"caption\":\"produccion@visualpublinet.com\"},\"sameAs\":[\"https:\/\/downgalicia.org\"],\"url\":\"https:\/\/downgalicia.org\/es\/author\/produccionvisualpublinet-com\/\"}]}<\/script>\n<!-- \/ Yoast SEO plugin. -->","yoast_head_json":{"title":"Miembros de Down Vigo realizar\u00e1n pr\u00e1cticas profesionales en el Puerto de la ciudad ol\u00edvica &#8226; Federaci\u00f3n Down Galicia","robots":{"index":"index","follow":"follow","max-snippet":"max-snippet:-1","max-image-preview":"max-image-preview:large","max-video-preview":"max-video-preview:-1"},"canonical":"https:\/\/downgalicia.org\/es\/membros-de-down-vigo-realizaran-practicas-no-porto-desta-cidade\/","og_locale":"es_ES","og_type":"article","og_title":"Miembros de Down Vigo realizar\u00e1n pr\u00e1cticas profesionales en el Puerto de la ciudad ol\u00edvica &#8226; Federaci\u00f3n Down Galicia","og_description":"El presidente de la Autoridad Portuaria de Vigo, Ignacio L\u00f3pez-Llaves, y el presidente de la Asociaci\u00f3n S\u00edndrome de Down de Vigo, Fernando Molina, firmaron un convenio de colaboraci\u00f3n con el fin de promover a socio-laboral de las personas con discapacidade...","og_url":"https:\/\/downgalicia.org\/es\/membros-de-down-vigo-realizaran-practicas-no-porto-desta-cidade\/","og_site_name":"Federaci\u00f3n Down Galicia","article_published_time":"2012-05-02T07:24:14+00:00","author":"produccion@visualpublinet.com","twitter_card":"summary_large_image","twitter_misc":{"Escrito por":"produccion@visualpublinet.com","Tiempo de lectura":"1 minuto"},"schema":{"@context":"https:\/\/schema.org","@graph":[{"@type":"Article","@id":"https:\/\/downgalicia.org\/es\/membros-de-down-vigo-realizaran-practicas-no-porto-desta-cidade\/#article","isPartOf":{"@id":"https:\/\/downgalicia.org\/es\/membros-de-down-vigo-realizaran-practicas-no-porto-desta-cidade\/"},"author":{"name":"produccion@visualpublinet.com","@id":"https:\/\/downgalicia.org\/es\/#\/schema\/person\/317730a00185114c76a219b94bddef15"},"headline":"Miembros de Down Vigo realizar\u00e1n pr\u00e1cticas profesionales en el Puerto de la ciudad ol\u00edvica","datePublished":"2012-05-02T07:24:14+00:00","mainEntityOfPage":{"@id":"https:\/\/downgalicia.org\/es\/membros-de-down-vigo-realizaran-practicas-no-porto-desta-cidade\/"},"wordCount":192,"publisher":{"@id":"https:\/\/downgalicia.org\/es\/#organization"},"articleSection":["Down Vigo","Noticias del Movimiento Down"],"inLanguage":"es"},{"@type":"WebPage","@id":"https:\/\/downgalicia.org\/es\/membros-de-down-vigo-realizaran-practicas-no-porto-desta-cidade\/","url":"https:\/\/downgalicia.org\/es\/membros-de-down-vigo-realizaran-practicas-no-porto-desta-cidade\/","name":"Miembros de Down Vigo realizar\u00e1n pr\u00e1cticas profesionales en el Puerto de la ciudad ol\u00edvica &#8226; Federaci\u00f3n Down Galicia","isPartOf":{"@id":"https:\/\/downgalicia.org\/es\/#website"},"datePublished":"2012-05-02T07:24:14+00:00","breadcrumb":{"@id":"https:\/\/downgalicia.org\/es\/membros-de-down-vigo-realizaran-practicas-no-porto-desta-cidade\/#breadcrumb"},"inLanguage":"es","potentialAction":[{"@type":"ReadAction","target":["https:\/\/downgalicia.org\/es\/membros-de-down-vigo-realizaran-practicas-no-porto-desta-cidade\/"]}]},{"@type":"BreadcrumbList","@id":"https:\/\/downgalicia.org\/es\/membros-de-down-vigo-realizaran-practicas-no-porto-desta-cidade\/#breadcrumb","itemListElement":[{"@type":"ListItem","position":1,"name":"Portada","item":"https:\/\/downgalicia.org\/es\/"},{"@type":"ListItem","position":2,"name":"Miembros de Down Vigo realizar\u00e1n pr\u00e1cticas profesionales en el Puerto de la ciudad ol\u00edvica"}]},{"@type":"WebSite","@id":"https:\/\/downgalicia.org\/es\/#website","url":"https:\/\/downgalicia.org\/es\/","name":"Federaci\u00f3n Down Galicia","description":"Apoio a persoas con S\u00edndrome de Down","publisher":{"@id":"https:\/\/downgalicia.org\/es\/#organization"},"potentialAction":[{"@type":"SearchAction","target":{"@type":"EntryPoint","urlTemplate":"https:\/\/downgalicia.org\/es\/?s={search_term_string}"},"query-input":{"@type":"PropertyValueSpecification","valueRequired":true,"valueName":"search_term_string"}}],"inLanguage":"es"},{"@type":"Organization","@id":"https:\/\/downgalicia.org\/es\/#organization","name":"Federaci\u00f3n Down Galicia","url":"https:\/\/downgalicia.org\/es\/","logo":{"@type":"ImageObject","inLanguage":"es","@id":"https:\/\/downgalicia.org\/es\/#\/schema\/logo\/image\/","url":"https:\/\/downgalicia.org\/wp-content\/uploads\/2024\/07\/logo-sindrome-down-color.svg","contentUrl":"https:\/\/downgalicia.org\/wp-content\/uploads\/2024\/07\/logo-sindrome-down-color.svg","width":271,"height":88,"caption":"Federaci\u00f3n Down Galicia"},"image":{"@id":"https:\/\/downgalicia.org\/es\/#\/schema\/logo\/image\/"}},{"@type":"Person","@id":"https:\/\/downgalicia.org\/es\/#\/schema\/person\/317730a00185114c76a219b94bddef15","name":"produccion@visualpublinet.com","image":{"@type":"ImageObject","inLanguage":"es","@id":"https:\/\/downgalicia.org\/es\/#\/schema\/person\/image\/","url":"https:\/\/secure.gravatar.com\/avatar\/282ee20c78c1b1137175d4ab9f75785d8c239d499b1376df3ba16efa213b7b10?s=96&d=mm&r=g","contentUrl":"https:\/\/secure.gravatar.com\/avatar\/282ee20c78c1b1137175d4ab9f75785d8c239d499b1376df3ba16efa213b7b10?s=96&d=mm&r=g","caption":"produccion@visualpublinet.com"},"sameAs":["https:\/\/downgalicia.org"],"url":"https:\/\/downgalicia.org\/es\/author\/produccionvisualpublinet-com\/"}]}},"_links":{"self":[{"href":"https:\/\/downgalicia.org\/es\/wp-json\/wp\/v2\/posts\/8700","targetHints":{"allow":["GET"]}}],"collection":[{"href":"https:\/\/downgalicia.org\/es\/wp-json\/wp\/v2\/posts"}],"about":[{"href":"https:\/\/downgalicia.org\/es\/wp-json\/wp\/v2\/types\/post"}],"author":[{"embeddable":true,"href":"https:\/\/downgalicia.org\/es\/wp-json\/wp\/v2\/users\/1"}],"replies":[{"embeddable":true,"href":"https:\/\/downgalicia.org\/es\/wp-json\/wp\/v2\/comments?post=8700"}],"version-history":[{"count":0,"href":"https:\/\/downgalicia.org\/es\/wp-json\/wp\/v2\/posts\/8700\/revisions"}],"wp:attachment":[{"href":"https:\/\/downgalicia.org\/es\/wp-json\/wp\/v2\/media?parent=8700"}],"wp:term":[{"taxonomy":"category","embeddable":true,"href":"https:\/\/downgalicia.org\/es\/wp-json\/wp\/v2\/categories?post=8700"},{"taxonomy":"post_tag","embeddable":true,"href":"https:\/\/downgalicia.org\/es\/wp-json\/wp\/v2\/tags?post=8700"}],"curies":[{"name":"wp","href":"https:\/\/api.w.org\/{rel}","templated":true}]}}