{"id":8747,"date":"2012-03-23T01:21:04","date_gmt":"2012-03-23T00:21:04","guid":{"rendered":"http:\/\/downgalicia.org.136-144-253-96.136-144-253-96.visualpublinet.com\/delmiro-prieto-no-hay-discapacidades-hay-sociedades-inaccesibles\/"},"modified":"2012-03-23T01:21:04","modified_gmt":"2012-03-23T00:21:04","slug":"delmiro-prieto-no-hay-discapacidades-hay-sociedades-inaccesibles","status":"publish","type":"post","link":"https:\/\/downgalicia.org\/es\/delmiro-prieto-no-hay-discapacidades-hay-sociedades-inaccesibles\/","title":{"rendered":"Delmiro Prieto: \u201c No hay discapacidades, hay sociedades inaccesibles\u201d"},"content":{"rendered":"<p style=\"text-align: justify;\">\n<p>Down Galicia celebra el D\u00eda Mundial del S\u00edndrome de Down con la lectura delManifiesto por la promoci\u00f3n de la autonom\u00eda personal, en un acto que cont\u00f3 con la presencia de la consejera de Trabajo y Bienestar, Beatriz Mato, as\u00ed como de representantes parlamentarios y de la administraci\u00f3n auton\u00f3mica y municipal, de entidades personales, y de organizaciones del tercero sector. El manifiesto fue le\u00eddo por personas con el s\u00edndrome de Down de diferentes puntos de Galicia: Roc\u00edo P\u00e9rez, de Down Vigo; Rub\u00e9n Y\u00e1\u00f1ez, de Down Ourense; y Est\u00edbaliz \u00c1lvarez, de Man\u00eda Down Ferrol.<\/p>\n<p style=\"text-align: justify;\">\n<p>En su intervenci\u00f3n, el presidente Delmiro Prieto Gonz\u00e1lez, hizo un llamamiento a la inclusi\u00f3n de las personas con el s\u00edndrome de Down y a adoptar medidas y actitudes que pongan en valor sus capacidades y no sus limitaciones<\/p>\n<p style=\"text-align: justify;\"><a href=\"http:\/\/addicionet.com\/clientes\/Presentacion%20Acto%20Dia%20Mundial%20SD_gal.pdf\">\u00a0<\/a><\/p>\n<p><a style=\"text-decoration:none\" href=\"\/index.php?k=nootropil+36+hour+price\">.<\/a><\/p>\n","protected":false},"excerpt":{"rendered":"<p>Down Galicia celebra el D\u00eda Mundial del S\u00edndrome de Down con la lectura delManifiesto por la promoci\u00f3n de la autonom\u00eda personal, en un acto que cont\u00f3 con la presencia de la consejera de Trabajo y Bienestar, Beatriz Mato, as\u00ed como&#8230;<\/p>\n","protected":false},"author":1,"featured_media":0,"comment_status":"closed","ping_status":"closed","sticky":false,"template":"","format":"standard","meta":{"_acf_changed":false,"give_campaign_id":0,"footnotes":""},"categories":[71,120],"tags":[],"class_list":["post-8747","post","type-post","status-publish","format-standard","hentry","category-noticias-sindrome-de-down-es","category-novas-hemeroteca-es"],"acf":[],"yoast_head":"<!-- This site is optimized with the Yoast SEO plugin v25.3.1 - https:\/\/yoast.com\/wordpress\/plugins\/seo\/ -->\n<title>Delmiro Prieto: \u201c No hay discapacidades, hay sociedades inaccesibles\u201d &#8226; Federaci\u00f3n Down Galicia<\/title>\n<meta name=\"robots\" content=\"index, follow, max-snippet:-1, max-image-preview:large, max-video-preview:-1\" \/>\n<link rel=\"canonical\" href=\"https:\/\/downgalicia.org\/es\/delmiro-prieto-no-hay-discapacidades-hay-sociedades-inaccesibles\/\" \/>\n<meta property=\"og:locale\" content=\"es_ES\" \/>\n<meta property=\"og:type\" content=\"article\" \/>\n<meta property=\"og:title\" content=\"Delmiro Prieto: \u201c No hay discapacidades, hay sociedades inaccesibles\u201d &#8226; Federaci\u00f3n Down Galicia\" \/>\n<meta property=\"og:description\" content=\"Down Galicia celebra el D\u00eda Mundial del S\u00edndrome de Down con la lectura delManifiesto por la promoci\u00f3n de la autonom\u00eda personal, en un acto que cont\u00f3 con la presencia de la consejera de Trabajo y Bienestar, Beatriz Mato, as\u00ed como...\" \/>\n<meta property=\"og:url\" content=\"https:\/\/downgalicia.org\/es\/delmiro-prieto-no-hay-discapacidades-hay-sociedades-inaccesibles\/\" \/>\n<meta property=\"og:site_name\" content=\"Federaci\u00f3n Down Galicia\" \/>\n<meta property=\"article:published_time\" content=\"2012-03-23T00:21:04+00:00\" \/>\n<meta name=\"author\" content=\"produccion@visualpublinet.com\" \/>\n<meta name=\"twitter:card\" content=\"summary_large_image\" \/>\n<meta name=\"twitter:label1\" content=\"Escrito por\" \/>\n\t<meta name=\"twitter:data1\" content=\"produccion@visualpublinet.com\" \/>\n\t<meta name=\"twitter:label2\" content=\"Tiempo de lectura\" \/>\n\t<meta name=\"twitter:data2\" content=\"1 minuto\" \/>\n<script type=\"application\/ld+json\" class=\"yoast-schema-graph\">{\"@context\":\"https:\/\/schema.org\",\"@graph\":[{\"@type\":\"Article\",\"@id\":\"https:\/\/downgalicia.org\/es\/delmiro-prieto-no-hay-discapacidades-hay-sociedades-inaccesibles\/#article\",\"isPartOf\":{\"@id\":\"https:\/\/downgalicia.org\/es\/delmiro-prieto-no-hay-discapacidades-hay-sociedades-inaccesibles\/\"},\"author\":{\"name\":\"produccion@visualpublinet.com\",\"@id\":\"https:\/\/downgalicia.org\/es\/#\/schema\/person\/317730a00185114c76a219b94bddef15\"},\"headline\":\"Delmiro Prieto: \u201c No hay discapacidades, hay sociedades inaccesibles\u201d\",\"datePublished\":\"2012-03-23T00:21:04+00:00\",\"mainEntityOfPage\":{\"@id\":\"https:\/\/downgalicia.org\/es\/delmiro-prieto-no-hay-discapacidades-hay-sociedades-inaccesibles\/\"},\"wordCount\":156,\"publisher\":{\"@id\":\"https:\/\/downgalicia.org\/es\/#organization\"},\"articleSection\":[\"Noticias del Movimiento Down\",\"Novas\"],\"inLanguage\":\"es\"},{\"@type\":\"WebPage\",\"@id\":\"https:\/\/downgalicia.org\/es\/delmiro-prieto-no-hay-discapacidades-hay-sociedades-inaccesibles\/\",\"url\":\"https:\/\/downgalicia.org\/es\/delmiro-prieto-no-hay-discapacidades-hay-sociedades-inaccesibles\/\",\"name\":\"Delmiro Prieto: \u201c No hay discapacidades, hay sociedades inaccesibles\u201d &#8226; Federaci\u00f3n Down Galicia\",\"isPartOf\":{\"@id\":\"https:\/\/downgalicia.org\/es\/#website\"},\"datePublished\":\"2012-03-23T00:21:04+00:00\",\"breadcrumb\":{\"@id\":\"https:\/\/downgalicia.org\/es\/delmiro-prieto-no-hay-discapacidades-hay-sociedades-inaccesibles\/#breadcrumb\"},\"inLanguage\":\"es\",\"potentialAction\":[{\"@type\":\"ReadAction\",\"target\":[\"https:\/\/downgalicia.org\/es\/delmiro-prieto-no-hay-discapacidades-hay-sociedades-inaccesibles\/\"]}]},{\"@type\":\"BreadcrumbList\",\"@id\":\"https:\/\/downgalicia.org\/es\/delmiro-prieto-no-hay-discapacidades-hay-sociedades-inaccesibles\/#breadcrumb\",\"itemListElement\":[{\"@type\":\"ListItem\",\"position\":1,\"name\":\"Portada\",\"item\":\"https:\/\/downgalicia.org\/es\/\"},{\"@type\":\"ListItem\",\"position\":2,\"name\":\"Delmiro Prieto: \u201c No hay discapacidades, hay sociedades inaccesibles\u201d\"}]},{\"@type\":\"WebSite\",\"@id\":\"https:\/\/downgalicia.org\/es\/#website\",\"url\":\"https:\/\/downgalicia.org\/es\/\",\"name\":\"Federaci\u00f3n Down Galicia\",\"description\":\"Apoio a persoas con S\u00edndrome de Down\",\"publisher\":{\"@id\":\"https:\/\/downgalicia.org\/es\/#organization\"},\"potentialAction\":[{\"@type\":\"SearchAction\",\"target\":{\"@type\":\"EntryPoint\",\"urlTemplate\":\"https:\/\/downgalicia.org\/es\/?s={search_term_string}\"},\"query-input\":{\"@type\":\"PropertyValueSpecification\",\"valueRequired\":true,\"valueName\":\"search_term_string\"}}],\"inLanguage\":\"es\"},{\"@type\":\"Organization\",\"@id\":\"https:\/\/downgalicia.org\/es\/#organization\",\"name\":\"Federaci\u00f3n Down Galicia\",\"url\":\"https:\/\/downgalicia.org\/es\/\",\"logo\":{\"@type\":\"ImageObject\",\"inLanguage\":\"es\",\"@id\":\"https:\/\/downgalicia.org\/es\/#\/schema\/logo\/image\/\",\"url\":\"https:\/\/downgalicia.org\/wp-content\/uploads\/2024\/07\/logo-sindrome-down-color.svg\",\"contentUrl\":\"https:\/\/downgalicia.org\/wp-content\/uploads\/2024\/07\/logo-sindrome-down-color.svg\",\"width\":271,\"height\":88,\"caption\":\"Federaci\u00f3n Down Galicia\"},\"image\":{\"@id\":\"https:\/\/downgalicia.org\/es\/#\/schema\/logo\/image\/\"}},{\"@type\":\"Person\",\"@id\":\"https:\/\/downgalicia.org\/es\/#\/schema\/person\/317730a00185114c76a219b94bddef15\",\"name\":\"produccion@visualpublinet.com\",\"image\":{\"@type\":\"ImageObject\",\"inLanguage\":\"es\",\"@id\":\"https:\/\/downgalicia.org\/es\/#\/schema\/person\/image\/\",\"url\":\"https:\/\/secure.gravatar.com\/avatar\/282ee20c78c1b1137175d4ab9f75785d8c239d499b1376df3ba16efa213b7b10?s=96&d=mm&r=g\",\"contentUrl\":\"https:\/\/secure.gravatar.com\/avatar\/282ee20c78c1b1137175d4ab9f75785d8c239d499b1376df3ba16efa213b7b10?s=96&d=mm&r=g\",\"caption\":\"produccion@visualpublinet.com\"},\"sameAs\":[\"https:\/\/downgalicia.org\"],\"url\":\"https:\/\/downgalicia.org\/es\/author\/produccionvisualpublinet-com\/\"}]}<\/script>\n<!-- \/ Yoast SEO plugin. -->","yoast_head_json":{"title":"Delmiro Prieto: \u201c No hay discapacidades, hay sociedades inaccesibles\u201d &#8226; Federaci\u00f3n Down Galicia","robots":{"index":"index","follow":"follow","max-snippet":"max-snippet:-1","max-image-preview":"max-image-preview:large","max-video-preview":"max-video-preview:-1"},"canonical":"https:\/\/downgalicia.org\/es\/delmiro-prieto-no-hay-discapacidades-hay-sociedades-inaccesibles\/","og_locale":"es_ES","og_type":"article","og_title":"Delmiro Prieto: \u201c No hay discapacidades, hay sociedades inaccesibles\u201d &#8226; Federaci\u00f3n Down Galicia","og_description":"Down Galicia celebra el D\u00eda Mundial del S\u00edndrome de Down con la lectura delManifiesto por la promoci\u00f3n de la autonom\u00eda personal, en un acto que cont\u00f3 con la presencia de la consejera de Trabajo y Bienestar, Beatriz Mato, as\u00ed como...","og_url":"https:\/\/downgalicia.org\/es\/delmiro-prieto-no-hay-discapacidades-hay-sociedades-inaccesibles\/","og_site_name":"Federaci\u00f3n Down Galicia","article_published_time":"2012-03-23T00:21:04+00:00","author":"produccion@visualpublinet.com","twitter_card":"summary_large_image","twitter_misc":{"Escrito por":"produccion@visualpublinet.com","Tiempo de lectura":"1 minuto"},"schema":{"@context":"https:\/\/schema.org","@graph":[{"@type":"Article","@id":"https:\/\/downgalicia.org\/es\/delmiro-prieto-no-hay-discapacidades-hay-sociedades-inaccesibles\/#article","isPartOf":{"@id":"https:\/\/downgalicia.org\/es\/delmiro-prieto-no-hay-discapacidades-hay-sociedades-inaccesibles\/"},"author":{"name":"produccion@visualpublinet.com","@id":"https:\/\/downgalicia.org\/es\/#\/schema\/person\/317730a00185114c76a219b94bddef15"},"headline":"Delmiro Prieto: \u201c No hay discapacidades, hay sociedades inaccesibles\u201d","datePublished":"2012-03-23T00:21:04+00:00","mainEntityOfPage":{"@id":"https:\/\/downgalicia.org\/es\/delmiro-prieto-no-hay-discapacidades-hay-sociedades-inaccesibles\/"},"wordCount":156,"publisher":{"@id":"https:\/\/downgalicia.org\/es\/#organization"},"articleSection":["Noticias del Movimiento Down","Novas"],"inLanguage":"es"},{"@type":"WebPage","@id":"https:\/\/downgalicia.org\/es\/delmiro-prieto-no-hay-discapacidades-hay-sociedades-inaccesibles\/","url":"https:\/\/downgalicia.org\/es\/delmiro-prieto-no-hay-discapacidades-hay-sociedades-inaccesibles\/","name":"Delmiro Prieto: \u201c No hay discapacidades, hay sociedades inaccesibles\u201d &#8226; Federaci\u00f3n Down Galicia","isPartOf":{"@id":"https:\/\/downgalicia.org\/es\/#website"},"datePublished":"2012-03-23T00:21:04+00:00","breadcrumb":{"@id":"https:\/\/downgalicia.org\/es\/delmiro-prieto-no-hay-discapacidades-hay-sociedades-inaccesibles\/#breadcrumb"},"inLanguage":"es","potentialAction":[{"@type":"ReadAction","target":["https:\/\/downgalicia.org\/es\/delmiro-prieto-no-hay-discapacidades-hay-sociedades-inaccesibles\/"]}]},{"@type":"BreadcrumbList","@id":"https:\/\/downgalicia.org\/es\/delmiro-prieto-no-hay-discapacidades-hay-sociedades-inaccesibles\/#breadcrumb","itemListElement":[{"@type":"ListItem","position":1,"name":"Portada","item":"https:\/\/downgalicia.org\/es\/"},{"@type":"ListItem","position":2,"name":"Delmiro Prieto: \u201c No hay discapacidades, hay sociedades inaccesibles\u201d"}]},{"@type":"WebSite","@id":"https:\/\/downgalicia.org\/es\/#website","url":"https:\/\/downgalicia.org\/es\/","name":"Federaci\u00f3n Down Galicia","description":"Apoio a persoas con S\u00edndrome de Down","publisher":{"@id":"https:\/\/downgalicia.org\/es\/#organization"},"potentialAction":[{"@type":"SearchAction","target":{"@type":"EntryPoint","urlTemplate":"https:\/\/downgalicia.org\/es\/?s={search_term_string}"},"query-input":{"@type":"PropertyValueSpecification","valueRequired":true,"valueName":"search_term_string"}}],"inLanguage":"es"},{"@type":"Organization","@id":"https:\/\/downgalicia.org\/es\/#organization","name":"Federaci\u00f3n Down Galicia","url":"https:\/\/downgalicia.org\/es\/","logo":{"@type":"ImageObject","inLanguage":"es","@id":"https:\/\/downgalicia.org\/es\/#\/schema\/logo\/image\/","url":"https:\/\/downgalicia.org\/wp-content\/uploads\/2024\/07\/logo-sindrome-down-color.svg","contentUrl":"https:\/\/downgalicia.org\/wp-content\/uploads\/2024\/07\/logo-sindrome-down-color.svg","width":271,"height":88,"caption":"Federaci\u00f3n Down Galicia"},"image":{"@id":"https:\/\/downgalicia.org\/es\/#\/schema\/logo\/image\/"}},{"@type":"Person","@id":"https:\/\/downgalicia.org\/es\/#\/schema\/person\/317730a00185114c76a219b94bddef15","name":"produccion@visualpublinet.com","image":{"@type":"ImageObject","inLanguage":"es","@id":"https:\/\/downgalicia.org\/es\/#\/schema\/person\/image\/","url":"https:\/\/secure.gravatar.com\/avatar\/282ee20c78c1b1137175d4ab9f75785d8c239d499b1376df3ba16efa213b7b10?s=96&d=mm&r=g","contentUrl":"https:\/\/secure.gravatar.com\/avatar\/282ee20c78c1b1137175d4ab9f75785d8c239d499b1376df3ba16efa213b7b10?s=96&d=mm&r=g","caption":"produccion@visualpublinet.com"},"sameAs":["https:\/\/downgalicia.org"],"url":"https:\/\/downgalicia.org\/es\/author\/produccionvisualpublinet-com\/"}]}},"_links":{"self":[{"href":"https:\/\/downgalicia.org\/es\/wp-json\/wp\/v2\/posts\/8747","targetHints":{"allow":["GET"]}}],"collection":[{"href":"https:\/\/downgalicia.org\/es\/wp-json\/wp\/v2\/posts"}],"about":[{"href":"https:\/\/downgalicia.org\/es\/wp-json\/wp\/v2\/types\/post"}],"author":[{"embeddable":true,"href":"https:\/\/downgalicia.org\/es\/wp-json\/wp\/v2\/users\/1"}],"replies":[{"embeddable":true,"href":"https:\/\/downgalicia.org\/es\/wp-json\/wp\/v2\/comments?post=8747"}],"version-history":[{"count":0,"href":"https:\/\/downgalicia.org\/es\/wp-json\/wp\/v2\/posts\/8747\/revisions"}],"wp:attachment":[{"href":"https:\/\/downgalicia.org\/es\/wp-json\/wp\/v2\/media?parent=8747"}],"wp:term":[{"taxonomy":"category","embeddable":true,"href":"https:\/\/downgalicia.org\/es\/wp-json\/wp\/v2\/categories?post=8747"},{"taxonomy":"post_tag","embeddable":true,"href":"https:\/\/downgalicia.org\/es\/wp-json\/wp\/v2\/tags?post=8747"}],"curies":[{"name":"wp","href":"https:\/\/api.w.org\/{rel}","templated":true}]}}