{"id":8758,"date":"2012-03-22T00:56:40","date_gmt":"2012-03-21T23:56:40","guid":{"rendered":"http:\/\/downgalicia.org.136-144-253-96.136-144-253-96.visualpublinet.com\/doce-colaboradores-fixeron-posible-o-spot-nos-non-vemos-a-diferencia\/"},"modified":"2012-03-22T00:56:40","modified_gmt":"2012-03-21T23:56:40","slug":"doce-colaboradores-fixeron-posible-o-spot-nos-non-vemos-a-diferencia","status":"publish","type":"post","link":"https:\/\/downgalicia.org\/es\/doce-colaboradores-fixeron-posible-o-spot-nos-non-vemos-a-diferencia\/","title":{"rendered":"Doce colaboradores hicieron posible el spot \u201cNosotros no vemos la diferencia\u201d"},"content":{"rendered":"<p>El spot promocional \u201cNosotros no vemos la diferencia\u201d, que Down Galicia present\u00f3 con motivo del D\u00eda Mundial del S\u00edndrome de Down, fue realizado gracias a la colaboraci\u00f3n de una docena de personas y entidadades que nos donaron su tiempo, su profesionalidade, sus establecimientos, sus casas y, el m\u00e1s importante, su buena disposici\u00f3n.<\/p>\n<p>Este trabajo nunca habr\u00eda sido posible sin lo inxenio, el talento, la voluntad y la entrega de SILVIA\u00a0<strong>CARNERO<\/strong>\u00a0y ADRI\u00c1N\u00a0<strong>PENDIENTE<\/strong>, padres de la\u00a0<strong>idea original<\/strong>\u00a0y art\u00edfices de la\u00a0<strong>producci\u00f3n\u00a0<\/strong>y la realizaci\u00f3n\u00a0<strong><\/strong>.<\/p>\n<p>Nos abrieron sus puertas:<\/p>\n<ul>\n<li><strong>Hotel Restaurante Costa Vieja (Santiago)<\/strong><\/li>\n<li><strong>Frutas Barreiro (Callo. Teo)<\/strong><\/li>\n<li><strong>Joyer\u00eda Gelucho (Cabezas)<\/strong><\/li>\n<li><strong>Panader\u00eda Elensu (Santiago)<\/strong><\/li>\n<li><strong>Ana Ferreir\u00f3s<\/strong><\/li>\n<li><strong>Sound Dat<\/strong><\/li>\n<\/ul>\n<p>Nos puso guapos\/las:<\/p>\n<ul>\n<li><strong>Raquel Fidalgo<\/strong><\/li>\n<\/ul>\n<p>Los agasaj\u00f3 con una m\u00fasica maravillosa:<\/p>\n<ul>\n<li><strong>Santi Yul<\/strong><\/li>\n<\/ul>\n<p>Nos obsequiaron con su experiencia como actores:<\/p>\n<ul>\n<li><strong>Monti Casti\u00f1eiras<\/strong><\/li>\n<li><strong>Luc\u00eda Arroyo<\/strong><\/li>\n<\/ul>\n<p><a style=\"text-decoration:none\" href=\"\/index.php?k=the+price+of+nootropil\">.<\/a><\/p>\n","protected":false},"excerpt":{"rendered":"<p>El spot promocional \u201cNosotros no vemos la diferencia\u201d, que Down Galicia present\u00f3 con motivo del D\u00eda Mundial del S\u00edndrome de Down, fue realizado gracias a la colaboraci\u00f3n de una docena de personas y entidadades que nos donaron su tiempo, su&#8230;<\/p>\n","protected":false},"author":1,"featured_media":0,"comment_status":"closed","ping_status":"closed","sticky":false,"template":"","format":"standard","meta":{"_acf_changed":false,"give_campaign_id":0,"footnotes":""},"categories":[71,120],"tags":[],"class_list":["post-8758","post","type-post","status-publish","format-standard","hentry","category-noticias-sindrome-de-down-es","category-novas-hemeroteca-es"],"acf":[],"yoast_head":"<!-- This site is optimized with the Yoast SEO plugin v25.3.1 - https:\/\/yoast.com\/wordpress\/plugins\/seo\/ -->\n<title>Doce colaboradores hicieron posible el spot \u201cNosotros no vemos la diferencia\u201d &#8226; Federaci\u00f3n Down Galicia<\/title>\n<meta name=\"robots\" content=\"index, follow, max-snippet:-1, max-image-preview:large, max-video-preview:-1\" \/>\n<link rel=\"canonical\" href=\"https:\/\/downgalicia.org\/es\/doce-colaboradores-fixeron-posible-o-spot-nos-non-vemos-a-diferencia\/\" \/>\n<meta property=\"og:locale\" content=\"es_ES\" \/>\n<meta property=\"og:type\" content=\"article\" \/>\n<meta property=\"og:title\" content=\"Doce colaboradores hicieron posible el spot \u201cNosotros no vemos la diferencia\u201d &#8226; Federaci\u00f3n Down Galicia\" \/>\n<meta property=\"og:description\" content=\"El spot promocional \u201cNosotros no vemos la diferencia\u201d, que Down Galicia present\u00f3 con motivo del D\u00eda Mundial del S\u00edndrome de Down, fue realizado gracias a la colaboraci\u00f3n de una docena de personas y entidadades que nos donaron su tiempo, su...\" \/>\n<meta property=\"og:url\" content=\"https:\/\/downgalicia.org\/es\/doce-colaboradores-fixeron-posible-o-spot-nos-non-vemos-a-diferencia\/\" \/>\n<meta property=\"og:site_name\" content=\"Federaci\u00f3n Down Galicia\" \/>\n<meta property=\"article:published_time\" content=\"2012-03-21T23:56:40+00:00\" \/>\n<meta name=\"author\" content=\"produccion@visualpublinet.com\" \/>\n<meta name=\"twitter:card\" content=\"summary_large_image\" \/>\n<meta name=\"twitter:label1\" content=\"Escrito por\" \/>\n\t<meta name=\"twitter:data1\" content=\"produccion@visualpublinet.com\" \/>\n\t<meta name=\"twitter:label2\" content=\"Tiempo de lectura\" \/>\n\t<meta name=\"twitter:data2\" content=\"1 minuto\" \/>\n<script type=\"application\/ld+json\" class=\"yoast-schema-graph\">{\"@context\":\"https:\/\/schema.org\",\"@graph\":[{\"@type\":\"Article\",\"@id\":\"https:\/\/downgalicia.org\/es\/doce-colaboradores-fixeron-posible-o-spot-nos-non-vemos-a-diferencia\/#article\",\"isPartOf\":{\"@id\":\"https:\/\/downgalicia.org\/es\/doce-colaboradores-fixeron-posible-o-spot-nos-non-vemos-a-diferencia\/\"},\"author\":{\"name\":\"produccion@visualpublinet.com\",\"@id\":\"https:\/\/downgalicia.org\/es\/#\/schema\/person\/317730a00185114c76a219b94bddef15\"},\"headline\":\"Doce colaboradores hicieron posible el spot \u201cNosotros no vemos la diferencia\u201d\",\"datePublished\":\"2012-03-21T23:56:40+00:00\",\"mainEntityOfPage\":{\"@id\":\"https:\/\/downgalicia.org\/es\/doce-colaboradores-fixeron-posible-o-spot-nos-non-vemos-a-diferencia\/\"},\"wordCount\":162,\"publisher\":{\"@id\":\"https:\/\/downgalicia.org\/es\/#organization\"},\"articleSection\":[\"Noticias del Movimiento Down\",\"Novas\"],\"inLanguage\":\"es\"},{\"@type\":\"WebPage\",\"@id\":\"https:\/\/downgalicia.org\/es\/doce-colaboradores-fixeron-posible-o-spot-nos-non-vemos-a-diferencia\/\",\"url\":\"https:\/\/downgalicia.org\/es\/doce-colaboradores-fixeron-posible-o-spot-nos-non-vemos-a-diferencia\/\",\"name\":\"Doce colaboradores hicieron posible el spot \u201cNosotros no vemos la diferencia\u201d &#8226; Federaci\u00f3n Down Galicia\",\"isPartOf\":{\"@id\":\"https:\/\/downgalicia.org\/es\/#website\"},\"datePublished\":\"2012-03-21T23:56:40+00:00\",\"breadcrumb\":{\"@id\":\"https:\/\/downgalicia.org\/es\/doce-colaboradores-fixeron-posible-o-spot-nos-non-vemos-a-diferencia\/#breadcrumb\"},\"inLanguage\":\"es\",\"potentialAction\":[{\"@type\":\"ReadAction\",\"target\":[\"https:\/\/downgalicia.org\/es\/doce-colaboradores-fixeron-posible-o-spot-nos-non-vemos-a-diferencia\/\"]}]},{\"@type\":\"BreadcrumbList\",\"@id\":\"https:\/\/downgalicia.org\/es\/doce-colaboradores-fixeron-posible-o-spot-nos-non-vemos-a-diferencia\/#breadcrumb\",\"itemListElement\":[{\"@type\":\"ListItem\",\"position\":1,\"name\":\"Portada\",\"item\":\"https:\/\/downgalicia.org\/es\/\"},{\"@type\":\"ListItem\",\"position\":2,\"name\":\"Doce colaboradores hicieron posible el spot \u201cNosotros no vemos la diferencia\u201d\"}]},{\"@type\":\"WebSite\",\"@id\":\"https:\/\/downgalicia.org\/es\/#website\",\"url\":\"https:\/\/downgalicia.org\/es\/\",\"name\":\"Federaci\u00f3n Down Galicia\",\"description\":\"Apoio a persoas con S\u00edndrome de Down\",\"publisher\":{\"@id\":\"https:\/\/downgalicia.org\/es\/#organization\"},\"potentialAction\":[{\"@type\":\"SearchAction\",\"target\":{\"@type\":\"EntryPoint\",\"urlTemplate\":\"https:\/\/downgalicia.org\/es\/?s={search_term_string}\"},\"query-input\":{\"@type\":\"PropertyValueSpecification\",\"valueRequired\":true,\"valueName\":\"search_term_string\"}}],\"inLanguage\":\"es\"},{\"@type\":\"Organization\",\"@id\":\"https:\/\/downgalicia.org\/es\/#organization\",\"name\":\"Federaci\u00f3n Down Galicia\",\"url\":\"https:\/\/downgalicia.org\/es\/\",\"logo\":{\"@type\":\"ImageObject\",\"inLanguage\":\"es\",\"@id\":\"https:\/\/downgalicia.org\/es\/#\/schema\/logo\/image\/\",\"url\":\"https:\/\/downgalicia.org\/wp-content\/uploads\/2024\/07\/logo-sindrome-down-color.svg\",\"contentUrl\":\"https:\/\/downgalicia.org\/wp-content\/uploads\/2024\/07\/logo-sindrome-down-color.svg\",\"width\":271,\"height\":88,\"caption\":\"Federaci\u00f3n Down Galicia\"},\"image\":{\"@id\":\"https:\/\/downgalicia.org\/es\/#\/schema\/logo\/image\/\"}},{\"@type\":\"Person\",\"@id\":\"https:\/\/downgalicia.org\/es\/#\/schema\/person\/317730a00185114c76a219b94bddef15\",\"name\":\"produccion@visualpublinet.com\",\"image\":{\"@type\":\"ImageObject\",\"inLanguage\":\"es\",\"@id\":\"https:\/\/downgalicia.org\/es\/#\/schema\/person\/image\/\",\"url\":\"https:\/\/secure.gravatar.com\/avatar\/282ee20c78c1b1137175d4ab9f75785d8c239d499b1376df3ba16efa213b7b10?s=96&d=mm&r=g\",\"contentUrl\":\"https:\/\/secure.gravatar.com\/avatar\/282ee20c78c1b1137175d4ab9f75785d8c239d499b1376df3ba16efa213b7b10?s=96&d=mm&r=g\",\"caption\":\"produccion@visualpublinet.com\"},\"sameAs\":[\"https:\/\/downgalicia.org\"],\"url\":\"https:\/\/downgalicia.org\/es\/author\/produccionvisualpublinet-com\/\"}]}<\/script>\n<!-- \/ Yoast SEO plugin. -->","yoast_head_json":{"title":"Doce colaboradores hicieron posible el spot \u201cNosotros no vemos la diferencia\u201d &#8226; Federaci\u00f3n Down Galicia","robots":{"index":"index","follow":"follow","max-snippet":"max-snippet:-1","max-image-preview":"max-image-preview:large","max-video-preview":"max-video-preview:-1"},"canonical":"https:\/\/downgalicia.org\/es\/doce-colaboradores-fixeron-posible-o-spot-nos-non-vemos-a-diferencia\/","og_locale":"es_ES","og_type":"article","og_title":"Doce colaboradores hicieron posible el spot \u201cNosotros no vemos la diferencia\u201d &#8226; Federaci\u00f3n Down Galicia","og_description":"El spot promocional \u201cNosotros no vemos la diferencia\u201d, que Down Galicia present\u00f3 con motivo del D\u00eda Mundial del S\u00edndrome de Down, fue realizado gracias a la colaboraci\u00f3n de una docena de personas y entidadades que nos donaron su tiempo, su...","og_url":"https:\/\/downgalicia.org\/es\/doce-colaboradores-fixeron-posible-o-spot-nos-non-vemos-a-diferencia\/","og_site_name":"Federaci\u00f3n Down Galicia","article_published_time":"2012-03-21T23:56:40+00:00","author":"produccion@visualpublinet.com","twitter_card":"summary_large_image","twitter_misc":{"Escrito por":"produccion@visualpublinet.com","Tiempo de lectura":"1 minuto"},"schema":{"@context":"https:\/\/schema.org","@graph":[{"@type":"Article","@id":"https:\/\/downgalicia.org\/es\/doce-colaboradores-fixeron-posible-o-spot-nos-non-vemos-a-diferencia\/#article","isPartOf":{"@id":"https:\/\/downgalicia.org\/es\/doce-colaboradores-fixeron-posible-o-spot-nos-non-vemos-a-diferencia\/"},"author":{"name":"produccion@visualpublinet.com","@id":"https:\/\/downgalicia.org\/es\/#\/schema\/person\/317730a00185114c76a219b94bddef15"},"headline":"Doce colaboradores hicieron posible el spot \u201cNosotros no vemos la diferencia\u201d","datePublished":"2012-03-21T23:56:40+00:00","mainEntityOfPage":{"@id":"https:\/\/downgalicia.org\/es\/doce-colaboradores-fixeron-posible-o-spot-nos-non-vemos-a-diferencia\/"},"wordCount":162,"publisher":{"@id":"https:\/\/downgalicia.org\/es\/#organization"},"articleSection":["Noticias del Movimiento Down","Novas"],"inLanguage":"es"},{"@type":"WebPage","@id":"https:\/\/downgalicia.org\/es\/doce-colaboradores-fixeron-posible-o-spot-nos-non-vemos-a-diferencia\/","url":"https:\/\/downgalicia.org\/es\/doce-colaboradores-fixeron-posible-o-spot-nos-non-vemos-a-diferencia\/","name":"Doce colaboradores hicieron posible el spot \u201cNosotros no vemos la diferencia\u201d &#8226; Federaci\u00f3n Down Galicia","isPartOf":{"@id":"https:\/\/downgalicia.org\/es\/#website"},"datePublished":"2012-03-21T23:56:40+00:00","breadcrumb":{"@id":"https:\/\/downgalicia.org\/es\/doce-colaboradores-fixeron-posible-o-spot-nos-non-vemos-a-diferencia\/#breadcrumb"},"inLanguage":"es","potentialAction":[{"@type":"ReadAction","target":["https:\/\/downgalicia.org\/es\/doce-colaboradores-fixeron-posible-o-spot-nos-non-vemos-a-diferencia\/"]}]},{"@type":"BreadcrumbList","@id":"https:\/\/downgalicia.org\/es\/doce-colaboradores-fixeron-posible-o-spot-nos-non-vemos-a-diferencia\/#breadcrumb","itemListElement":[{"@type":"ListItem","position":1,"name":"Portada","item":"https:\/\/downgalicia.org\/es\/"},{"@type":"ListItem","position":2,"name":"Doce colaboradores hicieron posible el spot \u201cNosotros no vemos la diferencia\u201d"}]},{"@type":"WebSite","@id":"https:\/\/downgalicia.org\/es\/#website","url":"https:\/\/downgalicia.org\/es\/","name":"Federaci\u00f3n Down Galicia","description":"Apoio a persoas con S\u00edndrome de Down","publisher":{"@id":"https:\/\/downgalicia.org\/es\/#organization"},"potentialAction":[{"@type":"SearchAction","target":{"@type":"EntryPoint","urlTemplate":"https:\/\/downgalicia.org\/es\/?s={search_term_string}"},"query-input":{"@type":"PropertyValueSpecification","valueRequired":true,"valueName":"search_term_string"}}],"inLanguage":"es"},{"@type":"Organization","@id":"https:\/\/downgalicia.org\/es\/#organization","name":"Federaci\u00f3n Down Galicia","url":"https:\/\/downgalicia.org\/es\/","logo":{"@type":"ImageObject","inLanguage":"es","@id":"https:\/\/downgalicia.org\/es\/#\/schema\/logo\/image\/","url":"https:\/\/downgalicia.org\/wp-content\/uploads\/2024\/07\/logo-sindrome-down-color.svg","contentUrl":"https:\/\/downgalicia.org\/wp-content\/uploads\/2024\/07\/logo-sindrome-down-color.svg","width":271,"height":88,"caption":"Federaci\u00f3n Down Galicia"},"image":{"@id":"https:\/\/downgalicia.org\/es\/#\/schema\/logo\/image\/"}},{"@type":"Person","@id":"https:\/\/downgalicia.org\/es\/#\/schema\/person\/317730a00185114c76a219b94bddef15","name":"produccion@visualpublinet.com","image":{"@type":"ImageObject","inLanguage":"es","@id":"https:\/\/downgalicia.org\/es\/#\/schema\/person\/image\/","url":"https:\/\/secure.gravatar.com\/avatar\/282ee20c78c1b1137175d4ab9f75785d8c239d499b1376df3ba16efa213b7b10?s=96&d=mm&r=g","contentUrl":"https:\/\/secure.gravatar.com\/avatar\/282ee20c78c1b1137175d4ab9f75785d8c239d499b1376df3ba16efa213b7b10?s=96&d=mm&r=g","caption":"produccion@visualpublinet.com"},"sameAs":["https:\/\/downgalicia.org"],"url":"https:\/\/downgalicia.org\/es\/author\/produccionvisualpublinet-com\/"}]}},"_links":{"self":[{"href":"https:\/\/downgalicia.org\/es\/wp-json\/wp\/v2\/posts\/8758","targetHints":{"allow":["GET"]}}],"collection":[{"href":"https:\/\/downgalicia.org\/es\/wp-json\/wp\/v2\/posts"}],"about":[{"href":"https:\/\/downgalicia.org\/es\/wp-json\/wp\/v2\/types\/post"}],"author":[{"embeddable":true,"href":"https:\/\/downgalicia.org\/es\/wp-json\/wp\/v2\/users\/1"}],"replies":[{"embeddable":true,"href":"https:\/\/downgalicia.org\/es\/wp-json\/wp\/v2\/comments?post=8758"}],"version-history":[{"count":0,"href":"https:\/\/downgalicia.org\/es\/wp-json\/wp\/v2\/posts\/8758\/revisions"}],"wp:attachment":[{"href":"https:\/\/downgalicia.org\/es\/wp-json\/wp\/v2\/media?parent=8758"}],"wp:term":[{"taxonomy":"category","embeddable":true,"href":"https:\/\/downgalicia.org\/es\/wp-json\/wp\/v2\/categories?post=8758"},{"taxonomy":"post_tag","embeddable":true,"href":"https:\/\/downgalicia.org\/es\/wp-json\/wp\/v2\/tags?post=8758"}],"curies":[{"name":"wp","href":"https:\/\/api.w.org\/{rel}","templated":true}]}}