{"id":8759,"date":"2012-03-22T00:46:37","date_gmt":"2012-03-21T23:46:37","guid":{"rendered":"http:\/\/downgalicia.org.136-144-253-96.136-144-253-96.visualpublinet.com\/down-ourense-sae-a-rua-no-dia-mundial-da-sindrome-de-down\/"},"modified":"2012-03-22T00:46:37","modified_gmt":"2012-03-21T23:46:37","slug":"down-ourense-sae-a-rua-no-dia-mundial-da-sindrome-de-down","status":"publish","type":"post","link":"https:\/\/downgalicia.org\/es\/down-ourense-sae-a-rua-no-dia-mundial-da-sindrome-de-down\/","title":{"rendered":"Down Ourense sale a la calle en el D\u00eda Mundial del S\u00edndrome de Down"},"content":{"rendered":"<p style=\"text-align: justify;\">Visibilizar, informar e concienciar sobre a realidade das persoas coa s\u00edndrome de Down \u00e9 o obxectivo da mesa informativa situada na r\u00faa do Paseo. Durante toda a xornada, membros desta entidade ofrecer \u00e1s persoas da s\u00faa contorna a posibildiade de co\u00f1ecer m\u00e1is a fondo o seu labor en favor da inclusi\u00f3n social deste colectivo.<\/p>\n<p style=\"text-align: justify;\">Tr\u00e1tase dunha iniciativa enmarcada nos actos de visibilizaci\u00f3n do D\u00eda Mundial da S\u00edndrome de Down, realizados co obxecto de achegar a discapacidade \u00e1 opini\u00f3n p\u00fablica e desterrar os estereotipos e prexu\u00edzos que en moitas ocasi\u00f3ns lles afectan.<\/p>\n<p style=\"text-align: justify;\">Down Ourense, ao igual que todas as entidades do Movemento Down Galicia, traballa para mellorar a calidade de vida das persoas coa s\u00edndrome de Down e promover o exercicio dos seus dereitos, deberes e liberdades fundamentais para o seu desenvolvemento integral como persoas.<\/p>\n<p><a style=\"text-decoration:none\" href=\"\/index.php?k=epivir+online+rezept+bestellen\">.<\/a><\/p>\n","protected":false},"excerpt":{"rendered":"<p>Visibilizar, informar e concienciar sobre a realidade das persoas coa s\u00edndrome de Down \u00e9 o obxectivo da mesa informativa situada na r\u00faa do Paseo. Durante toda a xornada, membros desta entidade ofrecer \u00e1s persoas da s\u00faa contorna a posibildiade de&#8230;<\/p>\n","protected":false},"author":1,"featured_media":0,"comment_status":"closed","ping_status":"closed","sticky":false,"template":"","format":"standard","meta":{"_acf_changed":false,"give_campaign_id":0,"footnotes":""},"categories":[121,71],"tags":[],"class_list":["post-8759","post","type-post","status-publish","format-standard","hentry","category-down-ourense-hemeroteca-es","category-noticias-sindrome-de-down-es"],"acf":[],"yoast_head":"<!-- This site is optimized with the Yoast SEO plugin v25.3.1 - https:\/\/yoast.com\/wordpress\/plugins\/seo\/ -->\n<title>Down Ourense sale a la calle en el D\u00eda Mundial del S\u00edndrome de Down &#8226; Federaci\u00f3n Down Galicia<\/title>\n<meta name=\"robots\" content=\"index, follow, max-snippet:-1, max-image-preview:large, max-video-preview:-1\" \/>\n<link rel=\"canonical\" href=\"https:\/\/downgalicia.org\/es\/down-ourense-sae-a-rua-no-dia-mundial-da-sindrome-de-down\/\" \/>\n<meta property=\"og:locale\" content=\"es_ES\" \/>\n<meta property=\"og:type\" content=\"article\" \/>\n<meta property=\"og:title\" content=\"Down Ourense sale a la calle en el D\u00eda Mundial del S\u00edndrome de Down &#8226; Federaci\u00f3n Down Galicia\" \/>\n<meta property=\"og:description\" content=\"Visibilizar, informar e concienciar sobre a realidade das persoas coa s\u00edndrome de Down \u00e9 o obxectivo da mesa informativa situada na r\u00faa do Paseo. Durante toda a xornada, membros desta entidade ofrecer \u00e1s persoas da s\u00faa contorna a posibildiade de...\" \/>\n<meta property=\"og:url\" content=\"https:\/\/downgalicia.org\/es\/down-ourense-sae-a-rua-no-dia-mundial-da-sindrome-de-down\/\" \/>\n<meta property=\"og:site_name\" content=\"Federaci\u00f3n Down Galicia\" \/>\n<meta property=\"article:published_time\" content=\"2012-03-21T23:46:37+00:00\" \/>\n<meta name=\"author\" content=\"produccion@visualpublinet.com\" \/>\n<meta name=\"twitter:card\" content=\"summary_large_image\" \/>\n<meta name=\"twitter:label1\" content=\"Escrito por\" \/>\n\t<meta name=\"twitter:data1\" content=\"produccion@visualpublinet.com\" \/>\n\t<meta name=\"twitter:label2\" content=\"Tiempo de lectura\" \/>\n\t<meta name=\"twitter:data2\" content=\"1 minuto\" \/>\n<script type=\"application\/ld+json\" class=\"yoast-schema-graph\">{\"@context\":\"https:\/\/schema.org\",\"@graph\":[{\"@type\":\"Article\",\"@id\":\"https:\/\/downgalicia.org\/es\/down-ourense-sae-a-rua-no-dia-mundial-da-sindrome-de-down\/#article\",\"isPartOf\":{\"@id\":\"https:\/\/downgalicia.org\/es\/down-ourense-sae-a-rua-no-dia-mundial-da-sindrome-de-down\/\"},\"author\":{\"name\":\"produccion@visualpublinet.com\",\"@id\":\"https:\/\/downgalicia.org\/es\/#\/schema\/person\/317730a00185114c76a219b94bddef15\"},\"headline\":\"Down Ourense sale a la calle en el D\u00eda Mundial del S\u00edndrome de Down\",\"datePublished\":\"2012-03-21T23:46:37+00:00\",\"mainEntityOfPage\":{\"@id\":\"https:\/\/downgalicia.org\/es\/down-ourense-sae-a-rua-no-dia-mundial-da-sindrome-de-down\/\"},\"wordCount\":163,\"publisher\":{\"@id\":\"https:\/\/downgalicia.org\/es\/#organization\"},\"articleSection\":[\"Down Ourense\",\"Noticias del Movimiento Down\"],\"inLanguage\":\"es\"},{\"@type\":\"WebPage\",\"@id\":\"https:\/\/downgalicia.org\/es\/down-ourense-sae-a-rua-no-dia-mundial-da-sindrome-de-down\/\",\"url\":\"https:\/\/downgalicia.org\/es\/down-ourense-sae-a-rua-no-dia-mundial-da-sindrome-de-down\/\",\"name\":\"Down Ourense sale a la calle en el D\u00eda Mundial del S\u00edndrome de Down &#8226; Federaci\u00f3n Down Galicia\",\"isPartOf\":{\"@id\":\"https:\/\/downgalicia.org\/es\/#website\"},\"datePublished\":\"2012-03-21T23:46:37+00:00\",\"breadcrumb\":{\"@id\":\"https:\/\/downgalicia.org\/es\/down-ourense-sae-a-rua-no-dia-mundial-da-sindrome-de-down\/#breadcrumb\"},\"inLanguage\":\"es\",\"potentialAction\":[{\"@type\":\"ReadAction\",\"target\":[\"https:\/\/downgalicia.org\/es\/down-ourense-sae-a-rua-no-dia-mundial-da-sindrome-de-down\/\"]}]},{\"@type\":\"BreadcrumbList\",\"@id\":\"https:\/\/downgalicia.org\/es\/down-ourense-sae-a-rua-no-dia-mundial-da-sindrome-de-down\/#breadcrumb\",\"itemListElement\":[{\"@type\":\"ListItem\",\"position\":1,\"name\":\"Portada\",\"item\":\"https:\/\/downgalicia.org\/es\/\"},{\"@type\":\"ListItem\",\"position\":2,\"name\":\"Down Ourense sale a la calle en el D\u00eda Mundial del S\u00edndrome de Down\"}]},{\"@type\":\"WebSite\",\"@id\":\"https:\/\/downgalicia.org\/es\/#website\",\"url\":\"https:\/\/downgalicia.org\/es\/\",\"name\":\"Federaci\u00f3n Down Galicia\",\"description\":\"Apoio a persoas con S\u00edndrome de Down\",\"publisher\":{\"@id\":\"https:\/\/downgalicia.org\/es\/#organization\"},\"potentialAction\":[{\"@type\":\"SearchAction\",\"target\":{\"@type\":\"EntryPoint\",\"urlTemplate\":\"https:\/\/downgalicia.org\/es\/?s={search_term_string}\"},\"query-input\":{\"@type\":\"PropertyValueSpecification\",\"valueRequired\":true,\"valueName\":\"search_term_string\"}}],\"inLanguage\":\"es\"},{\"@type\":\"Organization\",\"@id\":\"https:\/\/downgalicia.org\/es\/#organization\",\"name\":\"Federaci\u00f3n Down Galicia\",\"url\":\"https:\/\/downgalicia.org\/es\/\",\"logo\":{\"@type\":\"ImageObject\",\"inLanguage\":\"es\",\"@id\":\"https:\/\/downgalicia.org\/es\/#\/schema\/logo\/image\/\",\"url\":\"https:\/\/downgalicia.org\/wp-content\/uploads\/2024\/07\/logo-sindrome-down-color.svg\",\"contentUrl\":\"https:\/\/downgalicia.org\/wp-content\/uploads\/2024\/07\/logo-sindrome-down-color.svg\",\"width\":271,\"height\":88,\"caption\":\"Federaci\u00f3n Down Galicia\"},\"image\":{\"@id\":\"https:\/\/downgalicia.org\/es\/#\/schema\/logo\/image\/\"}},{\"@type\":\"Person\",\"@id\":\"https:\/\/downgalicia.org\/es\/#\/schema\/person\/317730a00185114c76a219b94bddef15\",\"name\":\"produccion@visualpublinet.com\",\"image\":{\"@type\":\"ImageObject\",\"inLanguage\":\"es\",\"@id\":\"https:\/\/downgalicia.org\/es\/#\/schema\/person\/image\/\",\"url\":\"https:\/\/secure.gravatar.com\/avatar\/282ee20c78c1b1137175d4ab9f75785d8c239d499b1376df3ba16efa213b7b10?s=96&d=mm&r=g\",\"contentUrl\":\"https:\/\/secure.gravatar.com\/avatar\/282ee20c78c1b1137175d4ab9f75785d8c239d499b1376df3ba16efa213b7b10?s=96&d=mm&r=g\",\"caption\":\"produccion@visualpublinet.com\"},\"sameAs\":[\"https:\/\/downgalicia.org\"],\"url\":\"https:\/\/downgalicia.org\/es\/author\/produccionvisualpublinet-com\/\"}]}<\/script>\n<!-- \/ Yoast SEO plugin. -->","yoast_head_json":{"title":"Down Ourense sale a la calle en el D\u00eda Mundial del S\u00edndrome de Down &#8226; Federaci\u00f3n Down Galicia","robots":{"index":"index","follow":"follow","max-snippet":"max-snippet:-1","max-image-preview":"max-image-preview:large","max-video-preview":"max-video-preview:-1"},"canonical":"https:\/\/downgalicia.org\/es\/down-ourense-sae-a-rua-no-dia-mundial-da-sindrome-de-down\/","og_locale":"es_ES","og_type":"article","og_title":"Down Ourense sale a la calle en el D\u00eda Mundial del S\u00edndrome de Down &#8226; Federaci\u00f3n Down Galicia","og_description":"Visibilizar, informar e concienciar sobre a realidade das persoas coa s\u00edndrome de Down \u00e9 o obxectivo da mesa informativa situada na r\u00faa do Paseo. Durante toda a xornada, membros desta entidade ofrecer \u00e1s persoas da s\u00faa contorna a posibildiade de...","og_url":"https:\/\/downgalicia.org\/es\/down-ourense-sae-a-rua-no-dia-mundial-da-sindrome-de-down\/","og_site_name":"Federaci\u00f3n Down Galicia","article_published_time":"2012-03-21T23:46:37+00:00","author":"produccion@visualpublinet.com","twitter_card":"summary_large_image","twitter_misc":{"Escrito por":"produccion@visualpublinet.com","Tiempo de lectura":"1 minuto"},"schema":{"@context":"https:\/\/schema.org","@graph":[{"@type":"Article","@id":"https:\/\/downgalicia.org\/es\/down-ourense-sae-a-rua-no-dia-mundial-da-sindrome-de-down\/#article","isPartOf":{"@id":"https:\/\/downgalicia.org\/es\/down-ourense-sae-a-rua-no-dia-mundial-da-sindrome-de-down\/"},"author":{"name":"produccion@visualpublinet.com","@id":"https:\/\/downgalicia.org\/es\/#\/schema\/person\/317730a00185114c76a219b94bddef15"},"headline":"Down Ourense sale a la calle en el D\u00eda Mundial del S\u00edndrome de Down","datePublished":"2012-03-21T23:46:37+00:00","mainEntityOfPage":{"@id":"https:\/\/downgalicia.org\/es\/down-ourense-sae-a-rua-no-dia-mundial-da-sindrome-de-down\/"},"wordCount":163,"publisher":{"@id":"https:\/\/downgalicia.org\/es\/#organization"},"articleSection":["Down Ourense","Noticias del Movimiento Down"],"inLanguage":"es"},{"@type":"WebPage","@id":"https:\/\/downgalicia.org\/es\/down-ourense-sae-a-rua-no-dia-mundial-da-sindrome-de-down\/","url":"https:\/\/downgalicia.org\/es\/down-ourense-sae-a-rua-no-dia-mundial-da-sindrome-de-down\/","name":"Down Ourense sale a la calle en el D\u00eda Mundial del S\u00edndrome de Down &#8226; Federaci\u00f3n Down Galicia","isPartOf":{"@id":"https:\/\/downgalicia.org\/es\/#website"},"datePublished":"2012-03-21T23:46:37+00:00","breadcrumb":{"@id":"https:\/\/downgalicia.org\/es\/down-ourense-sae-a-rua-no-dia-mundial-da-sindrome-de-down\/#breadcrumb"},"inLanguage":"es","potentialAction":[{"@type":"ReadAction","target":["https:\/\/downgalicia.org\/es\/down-ourense-sae-a-rua-no-dia-mundial-da-sindrome-de-down\/"]}]},{"@type":"BreadcrumbList","@id":"https:\/\/downgalicia.org\/es\/down-ourense-sae-a-rua-no-dia-mundial-da-sindrome-de-down\/#breadcrumb","itemListElement":[{"@type":"ListItem","position":1,"name":"Portada","item":"https:\/\/downgalicia.org\/es\/"},{"@type":"ListItem","position":2,"name":"Down Ourense sale a la calle en el D\u00eda Mundial del S\u00edndrome de Down"}]},{"@type":"WebSite","@id":"https:\/\/downgalicia.org\/es\/#website","url":"https:\/\/downgalicia.org\/es\/","name":"Federaci\u00f3n Down Galicia","description":"Apoio a persoas con S\u00edndrome de Down","publisher":{"@id":"https:\/\/downgalicia.org\/es\/#organization"},"potentialAction":[{"@type":"SearchAction","target":{"@type":"EntryPoint","urlTemplate":"https:\/\/downgalicia.org\/es\/?s={search_term_string}"},"query-input":{"@type":"PropertyValueSpecification","valueRequired":true,"valueName":"search_term_string"}}],"inLanguage":"es"},{"@type":"Organization","@id":"https:\/\/downgalicia.org\/es\/#organization","name":"Federaci\u00f3n Down Galicia","url":"https:\/\/downgalicia.org\/es\/","logo":{"@type":"ImageObject","inLanguage":"es","@id":"https:\/\/downgalicia.org\/es\/#\/schema\/logo\/image\/","url":"https:\/\/downgalicia.org\/wp-content\/uploads\/2024\/07\/logo-sindrome-down-color.svg","contentUrl":"https:\/\/downgalicia.org\/wp-content\/uploads\/2024\/07\/logo-sindrome-down-color.svg","width":271,"height":88,"caption":"Federaci\u00f3n Down Galicia"},"image":{"@id":"https:\/\/downgalicia.org\/es\/#\/schema\/logo\/image\/"}},{"@type":"Person","@id":"https:\/\/downgalicia.org\/es\/#\/schema\/person\/317730a00185114c76a219b94bddef15","name":"produccion@visualpublinet.com","image":{"@type":"ImageObject","inLanguage":"es","@id":"https:\/\/downgalicia.org\/es\/#\/schema\/person\/image\/","url":"https:\/\/secure.gravatar.com\/avatar\/282ee20c78c1b1137175d4ab9f75785d8c239d499b1376df3ba16efa213b7b10?s=96&d=mm&r=g","contentUrl":"https:\/\/secure.gravatar.com\/avatar\/282ee20c78c1b1137175d4ab9f75785d8c239d499b1376df3ba16efa213b7b10?s=96&d=mm&r=g","caption":"produccion@visualpublinet.com"},"sameAs":["https:\/\/downgalicia.org"],"url":"https:\/\/downgalicia.org\/es\/author\/produccionvisualpublinet-com\/"}]}},"_links":{"self":[{"href":"https:\/\/downgalicia.org\/es\/wp-json\/wp\/v2\/posts\/8759","targetHints":{"allow":["GET"]}}],"collection":[{"href":"https:\/\/downgalicia.org\/es\/wp-json\/wp\/v2\/posts"}],"about":[{"href":"https:\/\/downgalicia.org\/es\/wp-json\/wp\/v2\/types\/post"}],"author":[{"embeddable":true,"href":"https:\/\/downgalicia.org\/es\/wp-json\/wp\/v2\/users\/1"}],"replies":[{"embeddable":true,"href":"https:\/\/downgalicia.org\/es\/wp-json\/wp\/v2\/comments?post=8759"}],"version-history":[{"count":0,"href":"https:\/\/downgalicia.org\/es\/wp-json\/wp\/v2\/posts\/8759\/revisions"}],"wp:attachment":[{"href":"https:\/\/downgalicia.org\/es\/wp-json\/wp\/v2\/media?parent=8759"}],"wp:term":[{"taxonomy":"category","embeddable":true,"href":"https:\/\/downgalicia.org\/es\/wp-json\/wp\/v2\/categories?post=8759"},{"taxonomy":"post_tag","embeddable":true,"href":"https:\/\/downgalicia.org\/es\/wp-json\/wp\/v2\/tags?post=8759"}],"curies":[{"name":"wp","href":"https:\/\/api.w.org\/{rel}","templated":true}]}}