{"id":9398,"date":"2025-07-07T09:53:23","date_gmt":"2025-07-07T07:53:23","guid":{"rendered":"https:\/\/downgalicia.org\/?p=9398"},"modified":"2025-07-07T09:59:20","modified_gmt":"2025-07-07T07:59:20","slug":"el-equipo-de-down-ourense-vuelve-a-brillar-en-la-liga-de-debate-universitaria","status":"publish","type":"post","link":"https:\/\/downgalicia.org\/es\/el-equipo-de-down-ourense-vuelve-a-brillar-en-la-liga-de-debate-universitaria\/","title":{"rendered":"El equipo de Down Ourense vuelve a brillar en la Liga Espa\u00f1ola de Debate Universitaria"},"content":{"rendered":"<p><span style=\"font-size: 11.5pt; line-height: 115%; font-family: 'Arial',sans-serif;\">Laura Gil Requejo, Pablo Varela \u00c1lvarez, Sa\u00fal \u00c1lvarez Rodr\u00edguez, Kevin Andr\u00e9s Lozada Arias y Francisco Diz Ba\u00f1uelos fueron los cinco j\u00f3venes ourensanos que el 14 y 15 de junio subieron al escenario del Centro 3 Olivos de Down Madrid para representar a Galicia en la competici\u00f3n de oratoria \u201cYo tengo opini\u00f3n\u201d. Este evento es un certamen promovido por la Liga Espa\u00f1ola de Debate Universitario (LEDU) y dirigido a menores de 30 a\u00f1os con discapacidad intelectual.<\/span><\/p>\n<p><span style=\"font-size: 11.5pt; line-height: 115%; font-family: 'Arial',sans-serif;\">La representaci\u00f3n de Down Ourense se proclam\u00f3 vencedora el pasado a\u00f1o en una emocionante final frente al equipo madrile\u00f1o. Este a\u00f1o, en la liguilla, fueron los de la capital espa\u00f1ola quienes alcanzaron el triunfo, pero eso no rest\u00f3 ni un \u00e1pice de alegr\u00eda al equipo ourensano, que mantuvo un excelente nivel durante toda la competici\u00f3n, en la que participaron representantes de ocho provincias.<\/span><\/p>\n<p><span style=\"font-size: 11.5pt; line-height: 115%; font-family: 'Arial',sans-serif;\">\u00abPodemos presumir de que en el palmar\u00e9s del certamen, que ya lleva cuatro ediciones, solo aparecen Ourense y Madrid\u00bb, bromeaba Susana Rodr\u00edguez, gerente de la asociaci\u00f3n ourensana, que acompa\u00f1\u00f3 a los participantes junto con el formador y director del equipo, Brais Dur\u00e1n, y Juan Santamar\u00eda, mentor de los ourensanos. Tambi\u00e9n viaj\u00f3 Alejandro Nieto, excomponente del grupo, que este a\u00f1o acudi\u00f3 invitado para formar parte del jurado (con voz pero sin voto).<\/span><\/p>\n<p><span style=\"font-size: 11.5pt; line-height: 115%; font-family: 'Arial',sans-serif;\">Susana regres\u00f3 contenta tanto por el papel realizado por el equipo como por su actitud. \u00abNo decayeron en ning\u00fan momento. No hubo que gestionar la frustraci\u00f3n. Cuando Zaragoza qued\u00f3 como finalista, aplaudieron much\u00edsimo, y lo mismo hicieron con los de Madrid tras ganar el t\u00edtulo\u00bb, comentaba.<\/span><\/p>\n<p><span style=\"font-size: 11.5pt; line-height: 115%; font-family: 'Arial',sans-serif;\">A pesar de no poder revalidar el t\u00edtulo, el grupo de Down Ourense volvi\u00f3 a brillar en su exposici\u00f3n de argumentos, aunque, de nuevo, les toc\u00f3 ir en contra en la cuesti\u00f3n a debate, que este a\u00f1o planteaba la necesidad de limitar el uso de las pantallas en las aulas hasta los 16 a\u00f1os.<\/span><\/p>\n<p>&nbsp;<\/p>\n<p><a href=\"https:\/\/www.instagram.com\/reel\/DLpWF_mIXkD\/?igsh=MWQzbzFqY29nNWc1dQ==\" target=\"_blank\" rel=\"noopener\"><img fetchpriority=\"high\" decoding=\"async\" class=\"aligncenter wp-image-9389 size-medium\" src=\"https:\/\/downgalicia.org\/wp-content\/uploads\/2025\/07\/Down-Ourense_LEDU-300x208.jpg\" alt=\"\" width=\"300\" height=\"208\" srcset=\"https:\/\/downgalicia.org\/wp-content\/uploads\/2025\/07\/Down-Ourense_LEDU-300x208.jpg 300w, https:\/\/downgalicia.org\/wp-content\/uploads\/2025\/07\/Down-Ourense_LEDU-768x533.jpg 768w, https:\/\/downgalicia.org\/wp-content\/uploads\/2025\/07\/Down-Ourense_LEDU.jpg 980w\" sizes=\"(max-width: 300px) 100vw, 300px\" \/><\/a><\/p>\n","protected":false},"excerpt":{"rendered":"<p>Laura Gil Requejo, Pablo Varela \u00c1lvarez, Sa\u00fal \u00c1lvarez Rodr\u00edguez, Kevin Andr\u00e9s Lozada Arias y Francisco Diz Ba\u00f1uelos fueron los cinco j\u00f3venes ourensanos que el 14 y 15 de junio subieron [&hellip;]<\/p>\n","protected":false},"author":2,"featured_media":9391,"comment_status":"closed","ping_status":"closed","sticky":false,"template":"","format":"standard","meta":{"_acf_changed":false,"give_campaign_id":0,"footnotes":""},"categories":[121],"tags":[163,158,160,161,159],"class_list":["post-9398","post","type-post","status-publish","format-standard","has-post-thumbnail","hentry","category-down-ourense-hemeroteca-es","tag-debate-es","tag-discapacidad-intelectual","tag-down-ourense-es","tag-ledu-es","tag-liga-de-debate-universitario"],"acf":[],"yoast_head":"<!-- This site is optimized with the Yoast SEO plugin v25.3.1 - https:\/\/yoast.com\/wordpress\/plugins\/seo\/ -->\n<title>El equipo de Down Ourense vuelve a brillar en la Liga Espa\u00f1ola de Debate Universitaria &#8226; Federaci\u00f3n Down Galicia<\/title>\n<meta name=\"description\" content=\"El equipo de Down Ourense vuelve a brillar en la Liga de Debate Universitaria, dirigida a menores de 30 a\u00f1os con discapacidad intelectual\" \/>\n<meta name=\"robots\" content=\"index, follow, max-snippet:-1, max-image-preview:large, max-video-preview:-1\" \/>\n<link rel=\"canonical\" href=\"https:\/\/downgalicia.org\/es\/el-equipo-de-down-ourense-vuelve-a-brillar-en-la-liga-de-debate-universitaria\/\" \/>\n<meta property=\"og:locale\" content=\"es_ES\" \/>\n<meta property=\"og:type\" content=\"article\" \/>\n<meta property=\"og:title\" content=\"El equipo de Down Ourense vuelve a brillar en la Liga Espa\u00f1ola de Debate Universitaria &#8226; Federaci\u00f3n Down Galicia\" \/>\n<meta property=\"og:description\" content=\"El equipo de Down Ourense vuelve a brillar en la Liga de Debate Universitaria, dirigida a menores de 30 a\u00f1os con discapacidad intelectual\" \/>\n<meta property=\"og:url\" content=\"https:\/\/downgalicia.org\/es\/el-equipo-de-down-ourense-vuelve-a-brillar-en-la-liga-de-debate-universitaria\/\" \/>\n<meta property=\"og:site_name\" content=\"Federaci\u00f3n Down Galicia\" \/>\n<meta property=\"article:published_time\" content=\"2025-07-07T07:53:23+00:00\" \/>\n<meta property=\"article:modified_time\" content=\"2025-07-07T07:59:20+00:00\" \/>\n<meta property=\"og:image\" content=\"https:\/\/downgalicia.org\/wp-content\/uploads\/2025\/07\/Down-Ourense_LEDU_1.jpg\" \/>\n\t<meta property=\"og:image:width\" content=\"980\" \/>\n\t<meta property=\"og:image:height\" content=\"680\" \/>\n\t<meta property=\"og:image:type\" content=\"image\/jpeg\" \/>\n<meta name=\"author\" content=\"marketing@downgalicia.org\" \/>\n<meta name=\"twitter:card\" content=\"summary_large_image\" \/>\n<meta name=\"twitter:label1\" content=\"Escrito por\" \/>\n\t<meta name=\"twitter:data1\" content=\"marketing@downgalicia.org\" \/>\n\t<meta name=\"twitter:label2\" content=\"Tiempo de lectura\" \/>\n\t<meta name=\"twitter:data2\" content=\"3 minutos\" \/>\n<script type=\"application\/ld+json\" class=\"yoast-schema-graph\">{\"@context\":\"https:\/\/schema.org\",\"@graph\":[{\"@type\":\"Article\",\"@id\":\"https:\/\/downgalicia.org\/es\/el-equipo-de-down-ourense-vuelve-a-brillar-en-la-liga-de-debate-universitaria\/#article\",\"isPartOf\":{\"@id\":\"https:\/\/downgalicia.org\/es\/el-equipo-de-down-ourense-vuelve-a-brillar-en-la-liga-de-debate-universitaria\/\"},\"author\":{\"name\":\"marketing@downgalicia.org\",\"@id\":\"https:\/\/downgalicia.org\/es\/#\/schema\/person\/3ca2f728cf073839dcb9aee6ac889a0b\"},\"headline\":\"El equipo de Down Ourense vuelve a brillar en la Liga Espa\u00f1ola de Debate Universitaria\",\"datePublished\":\"2025-07-07T07:53:23+00:00\",\"dateModified\":\"2025-07-07T07:59:20+00:00\",\"mainEntityOfPage\":{\"@id\":\"https:\/\/downgalicia.org\/es\/el-equipo-de-down-ourense-vuelve-a-brillar-en-la-liga-de-debate-universitaria\/\"},\"wordCount\":353,\"publisher\":{\"@id\":\"https:\/\/downgalicia.org\/es\/#organization\"},\"image\":{\"@id\":\"https:\/\/downgalicia.org\/es\/el-equipo-de-down-ourense-vuelve-a-brillar-en-la-liga-de-debate-universitaria\/#primaryimage\"},\"thumbnailUrl\":\"https:\/\/downgalicia.org\/wp-content\/uploads\/2025\/07\/Down-Ourense_LEDU_1.jpg\",\"keywords\":[\"Debate\",\"Discapacidad intelectual\",\"Down Ourense\",\"LEDU\",\"Liga de Debate Universitario\"],\"articleSection\":[\"Down Ourense\"],\"inLanguage\":\"es\"},{\"@type\":\"WebPage\",\"@id\":\"https:\/\/downgalicia.org\/es\/el-equipo-de-down-ourense-vuelve-a-brillar-en-la-liga-de-debate-universitaria\/\",\"url\":\"https:\/\/downgalicia.org\/es\/el-equipo-de-down-ourense-vuelve-a-brillar-en-la-liga-de-debate-universitaria\/\",\"name\":\"El equipo de Down Ourense vuelve a brillar en la Liga Espa\u00f1ola de Debate Universitaria &#8226; Federaci\u00f3n Down Galicia\",\"isPartOf\":{\"@id\":\"https:\/\/downgalicia.org\/es\/#website\"},\"primaryImageOfPage\":{\"@id\":\"https:\/\/downgalicia.org\/es\/el-equipo-de-down-ourense-vuelve-a-brillar-en-la-liga-de-debate-universitaria\/#primaryimage\"},\"image\":{\"@id\":\"https:\/\/downgalicia.org\/es\/el-equipo-de-down-ourense-vuelve-a-brillar-en-la-liga-de-debate-universitaria\/#primaryimage\"},\"thumbnailUrl\":\"https:\/\/downgalicia.org\/wp-content\/uploads\/2025\/07\/Down-Ourense_LEDU_1.jpg\",\"datePublished\":\"2025-07-07T07:53:23+00:00\",\"dateModified\":\"2025-07-07T07:59:20+00:00\",\"description\":\"El equipo de Down Ourense vuelve a brillar en la Liga de Debate Universitaria, dirigida a menores de 30 a\u00f1os con discapacidad intelectual\",\"breadcrumb\":{\"@id\":\"https:\/\/downgalicia.org\/es\/el-equipo-de-down-ourense-vuelve-a-brillar-en-la-liga-de-debate-universitaria\/#breadcrumb\"},\"inLanguage\":\"es\",\"potentialAction\":[{\"@type\":\"ReadAction\",\"target\":[\"https:\/\/downgalicia.org\/es\/el-equipo-de-down-ourense-vuelve-a-brillar-en-la-liga-de-debate-universitaria\/\"]}]},{\"@type\":\"ImageObject\",\"inLanguage\":\"es\",\"@id\":\"https:\/\/downgalicia.org\/es\/el-equipo-de-down-ourense-vuelve-a-brillar-en-la-liga-de-debate-universitaria\/#primaryimage\",\"url\":\"https:\/\/downgalicia.org\/wp-content\/uploads\/2025\/07\/Down-Ourense_LEDU_1.jpg\",\"contentUrl\":\"https:\/\/downgalicia.org\/wp-content\/uploads\/2025\/07\/Down-Ourense_LEDU_1.jpg\",\"width\":980,\"height\":680},{\"@type\":\"BreadcrumbList\",\"@id\":\"https:\/\/downgalicia.org\/es\/el-equipo-de-down-ourense-vuelve-a-brillar-en-la-liga-de-debate-universitaria\/#breadcrumb\",\"itemListElement\":[{\"@type\":\"ListItem\",\"position\":1,\"name\":\"Portada\",\"item\":\"https:\/\/downgalicia.org\/es\/\"},{\"@type\":\"ListItem\",\"position\":2,\"name\":\"El equipo de Down Ourense vuelve a brillar en la Liga Espa\u00f1ola de Debate Universitaria\"}]},{\"@type\":\"WebSite\",\"@id\":\"https:\/\/downgalicia.org\/es\/#website\",\"url\":\"https:\/\/downgalicia.org\/es\/\",\"name\":\"Federaci\u00f3n Down Galicia\",\"description\":\"Apoio a persoas con S\u00edndrome de Down\",\"publisher\":{\"@id\":\"https:\/\/downgalicia.org\/es\/#organization\"},\"potentialAction\":[{\"@type\":\"SearchAction\",\"target\":{\"@type\":\"EntryPoint\",\"urlTemplate\":\"https:\/\/downgalicia.org\/es\/?s={search_term_string}\"},\"query-input\":{\"@type\":\"PropertyValueSpecification\",\"valueRequired\":true,\"valueName\":\"search_term_string\"}}],\"inLanguage\":\"es\"},{\"@type\":\"Organization\",\"@id\":\"https:\/\/downgalicia.org\/es\/#organization\",\"name\":\"Federaci\u00f3n Down Galicia\",\"url\":\"https:\/\/downgalicia.org\/es\/\",\"logo\":{\"@type\":\"ImageObject\",\"inLanguage\":\"es\",\"@id\":\"https:\/\/downgalicia.org\/es\/#\/schema\/logo\/image\/\",\"url\":\"https:\/\/downgalicia.org\/wp-content\/uploads\/2024\/07\/logo-sindrome-down-color.svg\",\"contentUrl\":\"https:\/\/downgalicia.org\/wp-content\/uploads\/2024\/07\/logo-sindrome-down-color.svg\",\"width\":271,\"height\":88,\"caption\":\"Federaci\u00f3n Down Galicia\"},\"image\":{\"@id\":\"https:\/\/downgalicia.org\/es\/#\/schema\/logo\/image\/\"}},{\"@type\":\"Person\",\"@id\":\"https:\/\/downgalicia.org\/es\/#\/schema\/person\/3ca2f728cf073839dcb9aee6ac889a0b\",\"name\":\"marketing@downgalicia.org\",\"image\":{\"@type\":\"ImageObject\",\"inLanguage\":\"es\",\"@id\":\"https:\/\/downgalicia.org\/es\/#\/schema\/person\/image\/\",\"url\":\"https:\/\/secure.gravatar.com\/avatar\/cf7e23aca6c471cdd853ed0cb5b921405dfdd5ec6a0946294f44f462c1d67eb6?s=96&d=mm&r=g\",\"contentUrl\":\"https:\/\/secure.gravatar.com\/avatar\/cf7e23aca6c471cdd853ed0cb5b921405dfdd5ec6a0946294f44f462c1d67eb6?s=96&d=mm&r=g\",\"caption\":\"marketing@downgalicia.org\"},\"url\":\"https:\/\/downgalicia.org\/es\/author\/marketingdowngalicia-org\/\"}]}<\/script>\n<!-- \/ Yoast SEO plugin. -->","yoast_head_json":{"title":"El equipo de Down Ourense vuelve a brillar en la Liga Espa\u00f1ola de Debate Universitaria &#8226; Federaci\u00f3n Down Galicia","description":"El equipo de Down Ourense vuelve a brillar en la Liga de Debate Universitaria, dirigida a menores de 30 a\u00f1os con discapacidad intelectual","robots":{"index":"index","follow":"follow","max-snippet":"max-snippet:-1","max-image-preview":"max-image-preview:large","max-video-preview":"max-video-preview:-1"},"canonical":"https:\/\/downgalicia.org\/es\/el-equipo-de-down-ourense-vuelve-a-brillar-en-la-liga-de-debate-universitaria\/","og_locale":"es_ES","og_type":"article","og_title":"El equipo de Down Ourense vuelve a brillar en la Liga Espa\u00f1ola de Debate Universitaria &#8226; Federaci\u00f3n Down Galicia","og_description":"El equipo de Down Ourense vuelve a brillar en la Liga de Debate Universitaria, dirigida a menores de 30 a\u00f1os con discapacidad intelectual","og_url":"https:\/\/downgalicia.org\/es\/el-equipo-de-down-ourense-vuelve-a-brillar-en-la-liga-de-debate-universitaria\/","og_site_name":"Federaci\u00f3n Down Galicia","article_published_time":"2025-07-07T07:53:23+00:00","article_modified_time":"2025-07-07T07:59:20+00:00","og_image":[{"width":980,"height":680,"url":"https:\/\/downgalicia.org\/wp-content\/uploads\/2025\/07\/Down-Ourense_LEDU_1.jpg","type":"image\/jpeg"}],"author":"marketing@downgalicia.org","twitter_card":"summary_large_image","twitter_misc":{"Escrito por":"marketing@downgalicia.org","Tiempo de lectura":"3 minutos"},"schema":{"@context":"https:\/\/schema.org","@graph":[{"@type":"Article","@id":"https:\/\/downgalicia.org\/es\/el-equipo-de-down-ourense-vuelve-a-brillar-en-la-liga-de-debate-universitaria\/#article","isPartOf":{"@id":"https:\/\/downgalicia.org\/es\/el-equipo-de-down-ourense-vuelve-a-brillar-en-la-liga-de-debate-universitaria\/"},"author":{"name":"marketing@downgalicia.org","@id":"https:\/\/downgalicia.org\/es\/#\/schema\/person\/3ca2f728cf073839dcb9aee6ac889a0b"},"headline":"El equipo de Down Ourense vuelve a brillar en la Liga Espa\u00f1ola de Debate Universitaria","datePublished":"2025-07-07T07:53:23+00:00","dateModified":"2025-07-07T07:59:20+00:00","mainEntityOfPage":{"@id":"https:\/\/downgalicia.org\/es\/el-equipo-de-down-ourense-vuelve-a-brillar-en-la-liga-de-debate-universitaria\/"},"wordCount":353,"publisher":{"@id":"https:\/\/downgalicia.org\/es\/#organization"},"image":{"@id":"https:\/\/downgalicia.org\/es\/el-equipo-de-down-ourense-vuelve-a-brillar-en-la-liga-de-debate-universitaria\/#primaryimage"},"thumbnailUrl":"https:\/\/downgalicia.org\/wp-content\/uploads\/2025\/07\/Down-Ourense_LEDU_1.jpg","keywords":["Debate","Discapacidad intelectual","Down Ourense","LEDU","Liga de Debate Universitario"],"articleSection":["Down Ourense"],"inLanguage":"es"},{"@type":"WebPage","@id":"https:\/\/downgalicia.org\/es\/el-equipo-de-down-ourense-vuelve-a-brillar-en-la-liga-de-debate-universitaria\/","url":"https:\/\/downgalicia.org\/es\/el-equipo-de-down-ourense-vuelve-a-brillar-en-la-liga-de-debate-universitaria\/","name":"El equipo de Down Ourense vuelve a brillar en la Liga Espa\u00f1ola de Debate Universitaria &#8226; Federaci\u00f3n Down Galicia","isPartOf":{"@id":"https:\/\/downgalicia.org\/es\/#website"},"primaryImageOfPage":{"@id":"https:\/\/downgalicia.org\/es\/el-equipo-de-down-ourense-vuelve-a-brillar-en-la-liga-de-debate-universitaria\/#primaryimage"},"image":{"@id":"https:\/\/downgalicia.org\/es\/el-equipo-de-down-ourense-vuelve-a-brillar-en-la-liga-de-debate-universitaria\/#primaryimage"},"thumbnailUrl":"https:\/\/downgalicia.org\/wp-content\/uploads\/2025\/07\/Down-Ourense_LEDU_1.jpg","datePublished":"2025-07-07T07:53:23+00:00","dateModified":"2025-07-07T07:59:20+00:00","description":"El equipo de Down Ourense vuelve a brillar en la Liga de Debate Universitaria, dirigida a menores de 30 a\u00f1os con discapacidad intelectual","breadcrumb":{"@id":"https:\/\/downgalicia.org\/es\/el-equipo-de-down-ourense-vuelve-a-brillar-en-la-liga-de-debate-universitaria\/#breadcrumb"},"inLanguage":"es","potentialAction":[{"@type":"ReadAction","target":["https:\/\/downgalicia.org\/es\/el-equipo-de-down-ourense-vuelve-a-brillar-en-la-liga-de-debate-universitaria\/"]}]},{"@type":"ImageObject","inLanguage":"es","@id":"https:\/\/downgalicia.org\/es\/el-equipo-de-down-ourense-vuelve-a-brillar-en-la-liga-de-debate-universitaria\/#primaryimage","url":"https:\/\/downgalicia.org\/wp-content\/uploads\/2025\/07\/Down-Ourense_LEDU_1.jpg","contentUrl":"https:\/\/downgalicia.org\/wp-content\/uploads\/2025\/07\/Down-Ourense_LEDU_1.jpg","width":980,"height":680},{"@type":"BreadcrumbList","@id":"https:\/\/downgalicia.org\/es\/el-equipo-de-down-ourense-vuelve-a-brillar-en-la-liga-de-debate-universitaria\/#breadcrumb","itemListElement":[{"@type":"ListItem","position":1,"name":"Portada","item":"https:\/\/downgalicia.org\/es\/"},{"@type":"ListItem","position":2,"name":"El equipo de Down Ourense vuelve a brillar en la Liga Espa\u00f1ola de Debate Universitaria"}]},{"@type":"WebSite","@id":"https:\/\/downgalicia.org\/es\/#website","url":"https:\/\/downgalicia.org\/es\/","name":"Federaci\u00f3n Down Galicia","description":"Apoio a persoas con S\u00edndrome de Down","publisher":{"@id":"https:\/\/downgalicia.org\/es\/#organization"},"potentialAction":[{"@type":"SearchAction","target":{"@type":"EntryPoint","urlTemplate":"https:\/\/downgalicia.org\/es\/?s={search_term_string}"},"query-input":{"@type":"PropertyValueSpecification","valueRequired":true,"valueName":"search_term_string"}}],"inLanguage":"es"},{"@type":"Organization","@id":"https:\/\/downgalicia.org\/es\/#organization","name":"Federaci\u00f3n Down Galicia","url":"https:\/\/downgalicia.org\/es\/","logo":{"@type":"ImageObject","inLanguage":"es","@id":"https:\/\/downgalicia.org\/es\/#\/schema\/logo\/image\/","url":"https:\/\/downgalicia.org\/wp-content\/uploads\/2024\/07\/logo-sindrome-down-color.svg","contentUrl":"https:\/\/downgalicia.org\/wp-content\/uploads\/2024\/07\/logo-sindrome-down-color.svg","width":271,"height":88,"caption":"Federaci\u00f3n Down Galicia"},"image":{"@id":"https:\/\/downgalicia.org\/es\/#\/schema\/logo\/image\/"}},{"@type":"Person","@id":"https:\/\/downgalicia.org\/es\/#\/schema\/person\/3ca2f728cf073839dcb9aee6ac889a0b","name":"marketing@downgalicia.org","image":{"@type":"ImageObject","inLanguage":"es","@id":"https:\/\/downgalicia.org\/es\/#\/schema\/person\/image\/","url":"https:\/\/secure.gravatar.com\/avatar\/cf7e23aca6c471cdd853ed0cb5b921405dfdd5ec6a0946294f44f462c1d67eb6?s=96&d=mm&r=g","contentUrl":"https:\/\/secure.gravatar.com\/avatar\/cf7e23aca6c471cdd853ed0cb5b921405dfdd5ec6a0946294f44f462c1d67eb6?s=96&d=mm&r=g","caption":"marketing@downgalicia.org"},"url":"https:\/\/downgalicia.org\/es\/author\/marketingdowngalicia-org\/"}]}},"_links":{"self":[{"href":"https:\/\/downgalicia.org\/es\/wp-json\/wp\/v2\/posts\/9398","targetHints":{"allow":["GET"]}}],"collection":[{"href":"https:\/\/downgalicia.org\/es\/wp-json\/wp\/v2\/posts"}],"about":[{"href":"https:\/\/downgalicia.org\/es\/wp-json\/wp\/v2\/types\/post"}],"author":[{"embeddable":true,"href":"https:\/\/downgalicia.org\/es\/wp-json\/wp\/v2\/users\/2"}],"replies":[{"embeddable":true,"href":"https:\/\/downgalicia.org\/es\/wp-json\/wp\/v2\/comments?post=9398"}],"version-history":[{"count":7,"href":"https:\/\/downgalicia.org\/es\/wp-json\/wp\/v2\/posts\/9398\/revisions"}],"predecessor-version":[{"id":9405,"href":"https:\/\/downgalicia.org\/es\/wp-json\/wp\/v2\/posts\/9398\/revisions\/9405"}],"wp:featuredmedia":[{"embeddable":true,"href":"https:\/\/downgalicia.org\/es\/wp-json\/wp\/v2\/media\/9391"}],"wp:attachment":[{"href":"https:\/\/downgalicia.org\/es\/wp-json\/wp\/v2\/media?parent=9398"}],"wp:term":[{"taxonomy":"category","embeddable":true,"href":"https:\/\/downgalicia.org\/es\/wp-json\/wp\/v2\/categories?post=9398"},{"taxonomy":"post_tag","embeddable":true,"href":"https:\/\/downgalicia.org\/es\/wp-json\/wp\/v2\/tags?post=9398"}],"curies":[{"name":"wp","href":"https:\/\/api.w.org\/{rel}","templated":true}]}}