{"id":9944,"date":"2025-07-22T08:36:12","date_gmt":"2025-07-22T06:36:12","guid":{"rendered":"https:\/\/downgalicia.org\/?p=9944"},"modified":"2025-07-22T08:37:05","modified_gmt":"2025-07-22T06:37:05","slug":"down-vigo-recibe-las-llaves-de-su-nueva-sede-en-el-casco-vello-de-la-ciudad","status":"publish","type":"post","link":"https:\/\/downgalicia.org\/es\/down-vigo-recibe-las-llaves-de-su-nueva-sede-en-el-casco-vello-de-la-ciudad\/","title":{"rendered":"Down Vigo recibe las llaves de su nueva sede en el Casco Vello de la ciudad"},"content":{"rendered":"<p>Down Vigo y Zona Franca firmaron el pasado viernes el acuerdo que formaliza la toma de posesi\u00f3n de la nueva sede de la entidad Down en el casco hist\u00f3rico de la ciudad. Al acto institucional asistieron el delegado especial del Estado en la Zona Franca de Vigo, David Regades; el presidente de Down Vigo, Francisco Xavier Aparicio; el vicepresidente de la entidad, Iv\u00e1n Gir\u00e1ldez; as\u00ed como el director gerente, Roberto Campo.<\/p>\n<p>Fue un momento emocionante para todas las personas all\u00ed presentes. Despu\u00e9s de dos a\u00f1os de obras de rehabilitaci\u00f3n, el pr\u00f3ximo 8 de septiembre Down Vigo retomar\u00e1 su actividad en la Calle Real, 27, en pleno casco vello de la ciudad ol\u00edvica. A partir de entonces, personas usuarias, familias y profesionales de la entidad podr\u00e1n disfrutar de m\u00e1s de 1.100 metros cuadrados distribuidos en planta baja y tres alturas en una de las calles m\u00e1s emblem\u00e1ticas de la zona hist\u00f3rica de la ciudad.\u00a0M\u00e1s espacio, m\u00e1s calidad y m\u00e1s visibilidad.<\/p>\n<p>El presidente de la entidad, Francisco Xavier Aparicio, quiso destacar el enorme impacto que implica este traslado en cuanto a inclusi\u00f3n social y comunitaria:\u00a0\u00abUnas instalaciones como estas nos obligan a ser un centro de referencia para la ciudad y para todas las entidades sociales\u00bb.<\/p>\n<p>El delegado especial del Estado para Zona Franca, David Regades, manifest\u00f3 que \u00abesta alianza con Down Vigo es uno de los proyectos m\u00e1s satisfactorios y la muestra de que el desarrollo econ\u00f3mico no tiene sentido sin desarrollo social\u00bb.<\/p>\n<p>Este proyecto no ser\u00eda posible sin la valiosa aportaci\u00f3n de instituciones p\u00fablicas comprometidas, como Zona Franca, y sin el trabajo de todas las personas que forman y formaron parte de la Junta Directiva de Down Vigo durante estos a\u00f1os; de la plantilla de profesionales que dan lo mejor de s\u00ed cada d\u00eda; y de las m\u00e1s de 220 familias que conforman la entidad y que demuestran que el movimiento asociativo es imparable.<\/p>\n","protected":false},"excerpt":{"rendered":"<p>Down Vigo y Zona Franca firmaron el pasado viernes el acuerdo que formaliza la toma de posesi\u00f3n de la nueva sede de la entidad Down en el casco hist\u00f3rico de [&hellip;]<\/p>\n","protected":false},"author":2,"featured_media":9941,"comment_status":"closed","ping_status":"closed","sticky":false,"template":"","format":"standard","meta":{"_acf_changed":false,"give_campaign_id":0,"footnotes":""},"categories":[128],"tags":[182,181,183],"class_list":["post-9944","post","type-post","status-publish","format-standard","has-post-thumbnail","hentry","category-down-vigo-hemeroteca-es","tag-down-vigo-es","tag-nuevo-local","tag-zona-franca-es"],"acf":[],"yoast_head":"<!-- This site is optimized with the Yoast SEO plugin v25.3.1 - https:\/\/yoast.com\/wordpress\/plugins\/seo\/ -->\n<title>Down Vigo recibe las llaves de su nueva sede en el Casco Vello de la ciudad &#8226; Federaci\u00f3n Down Galicia<\/title>\n<meta name=\"robots\" content=\"index, follow, max-snippet:-1, max-image-preview:large, max-video-preview:-1\" \/>\n<link rel=\"canonical\" href=\"https:\/\/downgalicia.org\/es\/down-vigo-recibe-las-llaves-de-su-nueva-sede-en-el-casco-vello-de-la-ciudad\/\" \/>\n<meta property=\"og:locale\" content=\"es_ES\" \/>\n<meta property=\"og:type\" content=\"article\" \/>\n<meta property=\"og:title\" content=\"Down Vigo recibe las llaves de su nueva sede en el Casco Vello de la ciudad &#8226; Federaci\u00f3n Down Galicia\" \/>\n<meta property=\"og:description\" content=\"Down Vigo y Zona Franca firmaron el pasado viernes el acuerdo que formaliza la toma de posesi\u00f3n de la nueva sede de la entidad Down en el casco hist\u00f3rico de [&hellip;]\" \/>\n<meta property=\"og:url\" content=\"https:\/\/downgalicia.org\/es\/down-vigo-recibe-las-llaves-de-su-nueva-sede-en-el-casco-vello-de-la-ciudad\/\" \/>\n<meta property=\"og:site_name\" content=\"Federaci\u00f3n Down Galicia\" \/>\n<meta property=\"article:published_time\" content=\"2025-07-22T06:36:12+00:00\" \/>\n<meta property=\"article:modified_time\" content=\"2025-07-22T06:37:05+00:00\" \/>\n<meta property=\"og:image\" content=\"https:\/\/downgalicia.org\/wp-content\/uploads\/2025\/07\/Down-Vigo_Chaves-novo-local.jpg\" \/>\n\t<meta property=\"og:image:width\" content=\"980\" \/>\n\t<meta property=\"og:image:height\" content=\"680\" \/>\n\t<meta property=\"og:image:type\" content=\"image\/jpeg\" \/>\n<meta name=\"author\" content=\"marketing@downgalicia.org\" \/>\n<meta name=\"twitter:card\" content=\"summary_large_image\" \/>\n<meta name=\"twitter:label1\" content=\"Escrito por\" \/>\n\t<meta name=\"twitter:data1\" content=\"marketing@downgalicia.org\" \/>\n\t<meta name=\"twitter:label2\" content=\"Tiempo de lectura\" \/>\n\t<meta name=\"twitter:data2\" content=\"2 minutos\" \/>\n<script type=\"application\/ld+json\" class=\"yoast-schema-graph\">{\"@context\":\"https:\/\/schema.org\",\"@graph\":[{\"@type\":\"Article\",\"@id\":\"https:\/\/downgalicia.org\/es\/down-vigo-recibe-las-llaves-de-su-nueva-sede-en-el-casco-vello-de-la-ciudad\/#article\",\"isPartOf\":{\"@id\":\"https:\/\/downgalicia.org\/es\/down-vigo-recibe-las-llaves-de-su-nueva-sede-en-el-casco-vello-de-la-ciudad\/\"},\"author\":{\"name\":\"marketing@downgalicia.org\",\"@id\":\"https:\/\/downgalicia.org\/es\/#\/schema\/person\/3ca2f728cf073839dcb9aee6ac889a0b\"},\"headline\":\"Down Vigo recibe las llaves de su nueva sede en el Casco Vello de la ciudad\",\"datePublished\":\"2025-07-22T06:36:12+00:00\",\"dateModified\":\"2025-07-22T06:37:05+00:00\",\"mainEntityOfPage\":{\"@id\":\"https:\/\/downgalicia.org\/es\/down-vigo-recibe-las-llaves-de-su-nueva-sede-en-el-casco-vello-de-la-ciudad\/\"},\"wordCount\":353,\"publisher\":{\"@id\":\"https:\/\/downgalicia.org\/es\/#organization\"},\"image\":{\"@id\":\"https:\/\/downgalicia.org\/es\/down-vigo-recibe-las-llaves-de-su-nueva-sede-en-el-casco-vello-de-la-ciudad\/#primaryimage\"},\"thumbnailUrl\":\"https:\/\/downgalicia.org\/wp-content\/uploads\/2025\/07\/Down-Vigo_Chaves-novo-local.jpg\",\"keywords\":[\"Down Vigo\",\"Nuevo local\",\"Zona Franca\"],\"articleSection\":[\"Down Vigo\"],\"inLanguage\":\"es\"},{\"@type\":\"WebPage\",\"@id\":\"https:\/\/downgalicia.org\/es\/down-vigo-recibe-las-llaves-de-su-nueva-sede-en-el-casco-vello-de-la-ciudad\/\",\"url\":\"https:\/\/downgalicia.org\/es\/down-vigo-recibe-las-llaves-de-su-nueva-sede-en-el-casco-vello-de-la-ciudad\/\",\"name\":\"Down Vigo recibe las llaves de su nueva sede en el Casco Vello de la ciudad &#8226; Federaci\u00f3n Down Galicia\",\"isPartOf\":{\"@id\":\"https:\/\/downgalicia.org\/es\/#website\"},\"primaryImageOfPage\":{\"@id\":\"https:\/\/downgalicia.org\/es\/down-vigo-recibe-las-llaves-de-su-nueva-sede-en-el-casco-vello-de-la-ciudad\/#primaryimage\"},\"image\":{\"@id\":\"https:\/\/downgalicia.org\/es\/down-vigo-recibe-las-llaves-de-su-nueva-sede-en-el-casco-vello-de-la-ciudad\/#primaryimage\"},\"thumbnailUrl\":\"https:\/\/downgalicia.org\/wp-content\/uploads\/2025\/07\/Down-Vigo_Chaves-novo-local.jpg\",\"datePublished\":\"2025-07-22T06:36:12+00:00\",\"dateModified\":\"2025-07-22T06:37:05+00:00\",\"breadcrumb\":{\"@id\":\"https:\/\/downgalicia.org\/es\/down-vigo-recibe-las-llaves-de-su-nueva-sede-en-el-casco-vello-de-la-ciudad\/#breadcrumb\"},\"inLanguage\":\"es\",\"potentialAction\":[{\"@type\":\"ReadAction\",\"target\":[\"https:\/\/downgalicia.org\/es\/down-vigo-recibe-las-llaves-de-su-nueva-sede-en-el-casco-vello-de-la-ciudad\/\"]}]},{\"@type\":\"ImageObject\",\"inLanguage\":\"es\",\"@id\":\"https:\/\/downgalicia.org\/es\/down-vigo-recibe-las-llaves-de-su-nueva-sede-en-el-casco-vello-de-la-ciudad\/#primaryimage\",\"url\":\"https:\/\/downgalicia.org\/wp-content\/uploads\/2025\/07\/Down-Vigo_Chaves-novo-local.jpg\",\"contentUrl\":\"https:\/\/downgalicia.org\/wp-content\/uploads\/2025\/07\/Down-Vigo_Chaves-novo-local.jpg\",\"width\":980,\"height\":680},{\"@type\":\"BreadcrumbList\",\"@id\":\"https:\/\/downgalicia.org\/es\/down-vigo-recibe-las-llaves-de-su-nueva-sede-en-el-casco-vello-de-la-ciudad\/#breadcrumb\",\"itemListElement\":[{\"@type\":\"ListItem\",\"position\":1,\"name\":\"Portada\",\"item\":\"https:\/\/downgalicia.org\/es\/\"},{\"@type\":\"ListItem\",\"position\":2,\"name\":\"Down Vigo recibe las llaves de su nueva sede en el Casco Vello de la ciudad\"}]},{\"@type\":\"WebSite\",\"@id\":\"https:\/\/downgalicia.org\/es\/#website\",\"url\":\"https:\/\/downgalicia.org\/es\/\",\"name\":\"Federaci\u00f3n Down Galicia\",\"description\":\"Apoio a persoas con S\u00edndrome de Down\",\"publisher\":{\"@id\":\"https:\/\/downgalicia.org\/es\/#organization\"},\"potentialAction\":[{\"@type\":\"SearchAction\",\"target\":{\"@type\":\"EntryPoint\",\"urlTemplate\":\"https:\/\/downgalicia.org\/es\/?s={search_term_string}\"},\"query-input\":{\"@type\":\"PropertyValueSpecification\",\"valueRequired\":true,\"valueName\":\"search_term_string\"}}],\"inLanguage\":\"es\"},{\"@type\":\"Organization\",\"@id\":\"https:\/\/downgalicia.org\/es\/#organization\",\"name\":\"Federaci\u00f3n Down Galicia\",\"url\":\"https:\/\/downgalicia.org\/es\/\",\"logo\":{\"@type\":\"ImageObject\",\"inLanguage\":\"es\",\"@id\":\"https:\/\/downgalicia.org\/es\/#\/schema\/logo\/image\/\",\"url\":\"https:\/\/downgalicia.org\/wp-content\/uploads\/2024\/07\/logo-sindrome-down-color.svg\",\"contentUrl\":\"https:\/\/downgalicia.org\/wp-content\/uploads\/2024\/07\/logo-sindrome-down-color.svg\",\"width\":271,\"height\":88,\"caption\":\"Federaci\u00f3n Down Galicia\"},\"image\":{\"@id\":\"https:\/\/downgalicia.org\/es\/#\/schema\/logo\/image\/\"}},{\"@type\":\"Person\",\"@id\":\"https:\/\/downgalicia.org\/es\/#\/schema\/person\/3ca2f728cf073839dcb9aee6ac889a0b\",\"name\":\"marketing@downgalicia.org\",\"image\":{\"@type\":\"ImageObject\",\"inLanguage\":\"es\",\"@id\":\"https:\/\/downgalicia.org\/es\/#\/schema\/person\/image\/\",\"url\":\"https:\/\/secure.gravatar.com\/avatar\/cf7e23aca6c471cdd853ed0cb5b921405dfdd5ec6a0946294f44f462c1d67eb6?s=96&d=mm&r=g\",\"contentUrl\":\"https:\/\/secure.gravatar.com\/avatar\/cf7e23aca6c471cdd853ed0cb5b921405dfdd5ec6a0946294f44f462c1d67eb6?s=96&d=mm&r=g\",\"caption\":\"marketing@downgalicia.org\"},\"url\":\"https:\/\/downgalicia.org\/es\/author\/marketingdowngalicia-org\/\"}]}<\/script>\n<!-- \/ Yoast SEO plugin. -->","yoast_head_json":{"title":"Down Vigo recibe las llaves de su nueva sede en el Casco Vello de la ciudad &#8226; Federaci\u00f3n Down Galicia","robots":{"index":"index","follow":"follow","max-snippet":"max-snippet:-1","max-image-preview":"max-image-preview:large","max-video-preview":"max-video-preview:-1"},"canonical":"https:\/\/downgalicia.org\/es\/down-vigo-recibe-las-llaves-de-su-nueva-sede-en-el-casco-vello-de-la-ciudad\/","og_locale":"es_ES","og_type":"article","og_title":"Down Vigo recibe las llaves de su nueva sede en el Casco Vello de la ciudad &#8226; Federaci\u00f3n Down Galicia","og_description":"Down Vigo y Zona Franca firmaron el pasado viernes el acuerdo que formaliza la toma de posesi\u00f3n de la nueva sede de la entidad Down en el casco hist\u00f3rico de [&hellip;]","og_url":"https:\/\/downgalicia.org\/es\/down-vigo-recibe-las-llaves-de-su-nueva-sede-en-el-casco-vello-de-la-ciudad\/","og_site_name":"Federaci\u00f3n Down Galicia","article_published_time":"2025-07-22T06:36:12+00:00","article_modified_time":"2025-07-22T06:37:05+00:00","og_image":[{"width":980,"height":680,"url":"https:\/\/downgalicia.org\/wp-content\/uploads\/2025\/07\/Down-Vigo_Chaves-novo-local.jpg","type":"image\/jpeg"}],"author":"marketing@downgalicia.org","twitter_card":"summary_large_image","twitter_misc":{"Escrito por":"marketing@downgalicia.org","Tiempo de lectura":"2 minutos"},"schema":{"@context":"https:\/\/schema.org","@graph":[{"@type":"Article","@id":"https:\/\/downgalicia.org\/es\/down-vigo-recibe-las-llaves-de-su-nueva-sede-en-el-casco-vello-de-la-ciudad\/#article","isPartOf":{"@id":"https:\/\/downgalicia.org\/es\/down-vigo-recibe-las-llaves-de-su-nueva-sede-en-el-casco-vello-de-la-ciudad\/"},"author":{"name":"marketing@downgalicia.org","@id":"https:\/\/downgalicia.org\/es\/#\/schema\/person\/3ca2f728cf073839dcb9aee6ac889a0b"},"headline":"Down Vigo recibe las llaves de su nueva sede en el Casco Vello de la ciudad","datePublished":"2025-07-22T06:36:12+00:00","dateModified":"2025-07-22T06:37:05+00:00","mainEntityOfPage":{"@id":"https:\/\/downgalicia.org\/es\/down-vigo-recibe-las-llaves-de-su-nueva-sede-en-el-casco-vello-de-la-ciudad\/"},"wordCount":353,"publisher":{"@id":"https:\/\/downgalicia.org\/es\/#organization"},"image":{"@id":"https:\/\/downgalicia.org\/es\/down-vigo-recibe-las-llaves-de-su-nueva-sede-en-el-casco-vello-de-la-ciudad\/#primaryimage"},"thumbnailUrl":"https:\/\/downgalicia.org\/wp-content\/uploads\/2025\/07\/Down-Vigo_Chaves-novo-local.jpg","keywords":["Down Vigo","Nuevo local","Zona Franca"],"articleSection":["Down Vigo"],"inLanguage":"es"},{"@type":"WebPage","@id":"https:\/\/downgalicia.org\/es\/down-vigo-recibe-las-llaves-de-su-nueva-sede-en-el-casco-vello-de-la-ciudad\/","url":"https:\/\/downgalicia.org\/es\/down-vigo-recibe-las-llaves-de-su-nueva-sede-en-el-casco-vello-de-la-ciudad\/","name":"Down Vigo recibe las llaves de su nueva sede en el Casco Vello de la ciudad &#8226; Federaci\u00f3n Down Galicia","isPartOf":{"@id":"https:\/\/downgalicia.org\/es\/#website"},"primaryImageOfPage":{"@id":"https:\/\/downgalicia.org\/es\/down-vigo-recibe-las-llaves-de-su-nueva-sede-en-el-casco-vello-de-la-ciudad\/#primaryimage"},"image":{"@id":"https:\/\/downgalicia.org\/es\/down-vigo-recibe-las-llaves-de-su-nueva-sede-en-el-casco-vello-de-la-ciudad\/#primaryimage"},"thumbnailUrl":"https:\/\/downgalicia.org\/wp-content\/uploads\/2025\/07\/Down-Vigo_Chaves-novo-local.jpg","datePublished":"2025-07-22T06:36:12+00:00","dateModified":"2025-07-22T06:37:05+00:00","breadcrumb":{"@id":"https:\/\/downgalicia.org\/es\/down-vigo-recibe-las-llaves-de-su-nueva-sede-en-el-casco-vello-de-la-ciudad\/#breadcrumb"},"inLanguage":"es","potentialAction":[{"@type":"ReadAction","target":["https:\/\/downgalicia.org\/es\/down-vigo-recibe-las-llaves-de-su-nueva-sede-en-el-casco-vello-de-la-ciudad\/"]}]},{"@type":"ImageObject","inLanguage":"es","@id":"https:\/\/downgalicia.org\/es\/down-vigo-recibe-las-llaves-de-su-nueva-sede-en-el-casco-vello-de-la-ciudad\/#primaryimage","url":"https:\/\/downgalicia.org\/wp-content\/uploads\/2025\/07\/Down-Vigo_Chaves-novo-local.jpg","contentUrl":"https:\/\/downgalicia.org\/wp-content\/uploads\/2025\/07\/Down-Vigo_Chaves-novo-local.jpg","width":980,"height":680},{"@type":"BreadcrumbList","@id":"https:\/\/downgalicia.org\/es\/down-vigo-recibe-las-llaves-de-su-nueva-sede-en-el-casco-vello-de-la-ciudad\/#breadcrumb","itemListElement":[{"@type":"ListItem","position":1,"name":"Portada","item":"https:\/\/downgalicia.org\/es\/"},{"@type":"ListItem","position":2,"name":"Down Vigo recibe las llaves de su nueva sede en el Casco Vello de la ciudad"}]},{"@type":"WebSite","@id":"https:\/\/downgalicia.org\/es\/#website","url":"https:\/\/downgalicia.org\/es\/","name":"Federaci\u00f3n Down Galicia","description":"Apoio a persoas con S\u00edndrome de Down","publisher":{"@id":"https:\/\/downgalicia.org\/es\/#organization"},"potentialAction":[{"@type":"SearchAction","target":{"@type":"EntryPoint","urlTemplate":"https:\/\/downgalicia.org\/es\/?s={search_term_string}"},"query-input":{"@type":"PropertyValueSpecification","valueRequired":true,"valueName":"search_term_string"}}],"inLanguage":"es"},{"@type":"Organization","@id":"https:\/\/downgalicia.org\/es\/#organization","name":"Federaci\u00f3n Down Galicia","url":"https:\/\/downgalicia.org\/es\/","logo":{"@type":"ImageObject","inLanguage":"es","@id":"https:\/\/downgalicia.org\/es\/#\/schema\/logo\/image\/","url":"https:\/\/downgalicia.org\/wp-content\/uploads\/2024\/07\/logo-sindrome-down-color.svg","contentUrl":"https:\/\/downgalicia.org\/wp-content\/uploads\/2024\/07\/logo-sindrome-down-color.svg","width":271,"height":88,"caption":"Federaci\u00f3n Down Galicia"},"image":{"@id":"https:\/\/downgalicia.org\/es\/#\/schema\/logo\/image\/"}},{"@type":"Person","@id":"https:\/\/downgalicia.org\/es\/#\/schema\/person\/3ca2f728cf073839dcb9aee6ac889a0b","name":"marketing@downgalicia.org","image":{"@type":"ImageObject","inLanguage":"es","@id":"https:\/\/downgalicia.org\/es\/#\/schema\/person\/image\/","url":"https:\/\/secure.gravatar.com\/avatar\/cf7e23aca6c471cdd853ed0cb5b921405dfdd5ec6a0946294f44f462c1d67eb6?s=96&d=mm&r=g","contentUrl":"https:\/\/secure.gravatar.com\/avatar\/cf7e23aca6c471cdd853ed0cb5b921405dfdd5ec6a0946294f44f462c1d67eb6?s=96&d=mm&r=g","caption":"marketing@downgalicia.org"},"url":"https:\/\/downgalicia.org\/es\/author\/marketingdowngalicia-org\/"}]}},"_links":{"self":[{"href":"https:\/\/downgalicia.org\/es\/wp-json\/wp\/v2\/posts\/9944","targetHints":{"allow":["GET"]}}],"collection":[{"href":"https:\/\/downgalicia.org\/es\/wp-json\/wp\/v2\/posts"}],"about":[{"href":"https:\/\/downgalicia.org\/es\/wp-json\/wp\/v2\/types\/post"}],"author":[{"embeddable":true,"href":"https:\/\/downgalicia.org\/es\/wp-json\/wp\/v2\/users\/2"}],"replies":[{"embeddable":true,"href":"https:\/\/downgalicia.org\/es\/wp-json\/wp\/v2\/comments?post=9944"}],"version-history":[{"count":1,"href":"https:\/\/downgalicia.org\/es\/wp-json\/wp\/v2\/posts\/9944\/revisions"}],"predecessor-version":[{"id":9945,"href":"https:\/\/downgalicia.org\/es\/wp-json\/wp\/v2\/posts\/9944\/revisions\/9945"}],"wp:featuredmedia":[{"embeddable":true,"href":"https:\/\/downgalicia.org\/es\/wp-json\/wp\/v2\/media\/9941"}],"wp:attachment":[{"href":"https:\/\/downgalicia.org\/es\/wp-json\/wp\/v2\/media?parent=9944"}],"wp:term":[{"taxonomy":"category","embeddable":true,"href":"https:\/\/downgalicia.org\/es\/wp-json\/wp\/v2\/categories?post=9944"},{"taxonomy":"post_tag","embeddable":true,"href":"https:\/\/downgalicia.org\/es\/wp-json\/wp\/v2\/tags?post=9944"}],"curies":[{"name":"wp","href":"https:\/\/api.w.org\/{rel}","templated":true}]}}